{"id":51831,"date":"2025-08-28T15:55:36","date_gmt":"2025-08-28T12:55:36","guid":{"rendered":"https:\/\/www.egemtv.com\/?p=51831"},"modified":"2025-08-28T15:55:36","modified_gmt":"2025-08-28T12:55:36","slug":"aydinli-minikler-milli-mucadele-kahramanlarini-tanidi","status":"publish","type":"post","link":"https:\/\/www.egemtv.com\/?p=51831","title":{"rendered":"Ayd\u0131nl\u0131 minikler Milli M\u00fccadele kahramanlar\u0131n\u0131 tan\u0131d\u0131"},"content":{"rendered":"<p>Ayd\u0131n\u2019da, 30 A\u011fustos Zafer Bayram\u0131 etkinlikleri kapsam\u0131nda minik \u00f6\u011frenciler Kurtulu\u015f Sava\u015f\u0131\u2019n\u0131n milli m\u00fccadele kahramanlar\u0131 Y\u00f6r\u00fck Ali Efe ve \u00c7ete Emir Ay\u015fe\u2019nin mezarlar\u0131 ile m\u00fczelerini ziyaret etti.<\/p>\n<p>Etkinli\u011fe kat\u0131lan \u00e7ocuklara ve ailelerine, T\u00fcrk milletinin ba\u011f\u0131ms\u0131zl\u0131k m\u00fccadelesinde \u00f6nemli rol oynayan kahramanlar\u0131n ya\u015fam\u0131 ve verdikleri destans\u0131 m\u00fccadeleler anlat\u0131ld\u0131.<\/p>\n<p>D\u00fczenlenen etkinlikte, milli m\u00fccadelenin simge isimlerinden Y\u00f6r\u00fck Ali Efe\u2019nin liderli\u011finde kazan\u0131lan \u00c7ete Emir Ay\u015fe\u2019nin direni\u015f \u00f6yk\u00fcs\u00fc anlat\u0131ld\u0131. \u00d6\u011fretmenler e\u015fli\u011finde ger\u00e7ekle\u015ftirilen Y\u00f6r\u00fck Ali Efe m\u00fcze gezisinde ise kahramanlar\u0131n ki\u015fisel e\u015fyalar\u0131, d\u00f6neme ait belgeler ve foto\u011fraflar incelendi.<\/p>\n<p>Programda, \u00f6zellikle \u00e7ocuklara ba\u011f\u0131ms\u0131zl\u0131k ruhu ve tarih bilinci kazand\u0131rmak amac\u0131yla milli m\u00fccadelenin d\u00f6neminin \u00f6nemli anlat\u0131ld\u0131.<br \/><\/p>\n","protected":false},"excerpt":{"rendered":"<p>Ayd\u0131n\u2019da, 30 A\u011fustos Zafer Bayram\u0131 etkinlikleri kapsam\u0131nda minik \u00f6\u011frenciler Kurtulu\u015f Sava\u015f\u0131\u2019n\u0131n milli m\u00fccadele kahramanlar\u0131 Y\u00f6r\u00fck Ali Efe ve \u00c7ete Emir Ay\u015fe\u2019nin mezarlar\u0131 ile m\u00fczelerini ziyaret etti. Etkinli\u011fe kat\u0131lan \u00e7ocuklara ve ailelerine, T\u00fcrk milletinin ba\u011f\u0131ms\u0131zl\u0131k m\u00fccadelesinde \u00f6nemli rol oynayan kahramanlar\u0131n ya\u015fam\u0131 ve verdikleri destans\u0131 m\u00fccadeleler anlat\u0131ld\u0131. D\u00fczenlenen etkinlikte, milli m\u00fccadelenin simge isimlerinden Y\u00f6r\u00fck Ali Efe\u2019nin liderli\u011finde&#8230;<\/p>\n","protected":false},"author":1,"featured_media":51832,"comment_status":"open","ping_status":"open","sticky":false,"template":"","format":"standard","meta":{"_crdt_document":"","footnotes":""},"categories":[1],"tags":[],"class_list":["post-51831","post","type-post","status-publish","format-standard","has-post-thumbnail","hentry","category-guncel"],"_links":{"self":[{"href":"https:\/\/www.egemtv.com\/index.php?rest_route=\/wp\/v2\/posts\/51831","targetHints":{"allow":["GET"]}}],"collection":[{"href":"https:\/\/www.egemtv.com\/index.php?rest_route=\/wp\/v2\/posts"}],"about":[{"href":"https:\/\/www.egemtv.com\/index.php?rest_route=\/wp\/v2\/types\/post"}],"author":[{"embeddable":true,"href":"https:\/\/www.egemtv.com\/index.php?rest_route=\/wp\/v2\/users\/1"}],"replies":[{"embeddable":true,"href":"https:\/\/www.egemtv.com\/index.php?rest_route=%2Fwp%2Fv2%2Fcomments&post=51831"}],"version-history":[{"count":1,"href":"https:\/\/www.egemtv.com\/index.php?rest_route=\/wp\/v2\/posts\/51831\/revisions"}],"predecessor-version":[{"id":51833,"href":"https:\/\/www.egemtv.com\/index.php?rest_route=\/wp\/v2\/posts\/51831\/revisions\/51833"}],"wp:featuredmedia":[{"embeddable":true,"href":"https:\/\/www.egemtv.com\/index.php?rest_route=\/wp\/v2\/media\/51832"}],"wp:attachment":[{"href":"https:\/\/www.egemtv.com\/index.php?rest_route=%2Fwp%2Fv2%2Fmedia&parent=51831"}],"wp:term":[{"taxonomy":"category","embeddable":true,"href":"https:\/\/www.egemtv.com\/index.php?rest_route=%2Fwp%2Fv2%2Fcategories&post=51831"},{"taxonomy":"post_tag","embeddable":true,"href":"https:\/\/www.egemtv.com\/index.php?rest_route=%2Fwp%2Fv2%2Ftags&post=51831"}],"curies":[{"name":"wp","href":"https:\/\/api.w.org\/{rel}","templated":true}]}}