{"id":51828,"date":"2025-08-28T15:55:35","date_gmt":"2025-08-28T12:55:35","guid":{"rendered":"https:\/\/www.egemtv.com\/?p=51828"},"modified":"2025-08-28T15:55:36","modified_gmt":"2025-08-28T12:55:36","slug":"denizlide-ekmek-fiyati-15-tl-olarak-belirlendi","status":"publish","type":"post","link":"https:\/\/www.egemtv.com\/?p=51828","title":{"rendered":"Denizli\u2019de ekmek fiyat\u0131 15 TL olarak belirlendi"},"content":{"rendered":"<p>Denizli\u2019de ekmek fiyat\u0131 y\u00fczde 20 artt\u0131. Denizli F\u0131r\u0131nc\u0131lar Odas\u0131 karar\u0131yla 200 gram ekmek 12,5 TL\u2019den 15 TL\u2019ye \u00e7\u0131kt\u0131. Zam kent merkezinde 1 Eyl\u00fcl\u2019de, baz\u0131 il\u00e7elerde ise zaml\u0131 fiyat bug\u00fcnden itibaren uygulanmaya ba\u015flad\u0131.<br \/>\n<br \/>Denizli\u2019de ekmek fiyatlar\u0131 yeniden belirlendi. Denizli F\u0131r\u0131nc\u0131lar Odas\u0131 karar\u0131yla 200 gram ekme\u011fin fiyat\u0131 12,5 TL\u2019den 15 TL\u2019ye y\u00fckseldi. Zam genel uygulamada 1 Eyl\u00fcl\u2019de y\u00fcr\u00fcrl\u00fc\u011fe girecek olsa da baz\u0131 il\u00e7elerde karar bug\u00fcnden itibaren ge\u00e7erli oldu. Denizli F\u0131r\u0131nc\u0131lar Odas\u0131, artan maliyetleri gerek\u00e7e g\u00f6stererek y\u00fczde 20\u2019lik art\u0131\u015f\u0131 a\u00e7\u0131klad\u0131. Buna g\u00f6re 200 gram ekmek kent merkezinde 1 Eyl\u00fcl\u2019den itibaren 15 TL\u2019den sat\u0131lacak.<br \/><\/p>\n","protected":false},"excerpt":{"rendered":"<p>Denizli\u2019de ekmek fiyat\u0131 y\u00fczde 20 artt\u0131. Denizli F\u0131r\u0131nc\u0131lar Odas\u0131 karar\u0131yla 200 gram ekmek 12,5 TL\u2019den 15 TL\u2019ye \u00e7\u0131kt\u0131. Zam kent merkezinde 1 Eyl\u00fcl\u2019de, baz\u0131 il\u00e7elerde ise zaml\u0131 fiyat bug\u00fcnden itibaren uygulanmaya ba\u015flad\u0131. Denizli\u2019de ekmek fiyatlar\u0131 yeniden belirlendi. Denizli F\u0131r\u0131nc\u0131lar Odas\u0131 karar\u0131yla 200 gram ekme\u011fin fiyat\u0131 12,5 TL\u2019den 15 TL\u2019ye y\u00fckseldi. Zam genel uygulamada 1 Eyl\u00fcl\u2019de&#8230;<\/p>\n","protected":false},"author":1,"featured_media":51829,"comment_status":"open","ping_status":"open","sticky":false,"template":"","format":"standard","meta":{"_crdt_document":"","footnotes":""},"categories":[125],"tags":[],"class_list":["post-51828","post","type-post","status-publish","format-standard","has-post-thumbnail","hentry","category-ekonomi"],"_links":{"self":[{"href":"https:\/\/www.egemtv.com\/index.php?rest_route=\/wp\/v2\/posts\/51828","targetHints":{"allow":["GET"]}}],"collection":[{"href":"https:\/\/www.egemtv.com\/index.php?rest_route=\/wp\/v2\/posts"}],"about":[{"href":"https:\/\/www.egemtv.com\/index.php?rest_route=\/wp\/v2\/types\/post"}],"author":[{"embeddable":true,"href":"https:\/\/www.egemtv.com\/index.php?rest_route=\/wp\/v2\/users\/1"}],"replies":[{"embeddable":true,"href":"https:\/\/www.egemtv.com\/index.php?rest_route=%2Fwp%2Fv2%2Fcomments&post=51828"}],"version-history":[{"count":1,"href":"https:\/\/www.egemtv.com\/index.php?rest_route=\/wp\/v2\/posts\/51828\/revisions"}],"predecessor-version":[{"id":51830,"href":"https:\/\/www.egemtv.com\/index.php?rest_route=\/wp\/v2\/posts\/51828\/revisions\/51830"}],"wp:featuredmedia":[{"embeddable":true,"href":"https:\/\/www.egemtv.com\/index.php?rest_route=\/wp\/v2\/media\/51829"}],"wp:attachment":[{"href":"https:\/\/www.egemtv.com\/index.php?rest_route=%2Fwp%2Fv2%2Fmedia&parent=51828"}],"wp:term":[{"taxonomy":"category","embeddable":true,"href":"https:\/\/www.egemtv.com\/index.php?rest_route=%2Fwp%2Fv2%2Fcategories&post=51828"},{"taxonomy":"post_tag","embeddable":true,"href":"https:\/\/www.egemtv.com\/index.php?rest_route=%2Fwp%2Fv2%2Ftags&post=51828"}],"curies":[{"name":"wp","href":"https:\/\/api.w.org\/{rel}","templated":true}]}}