{"id":51825,"date":"2025-08-28T15:34:57","date_gmt":"2025-08-28T12:34:57","guid":{"rendered":"https:\/\/www.egemtv.com\/?p=51825"},"modified":"2025-08-28T15:34:58","modified_gmt":"2025-08-28T12:34:58","slug":"mahalleliden-denizin-ortasinda-davul-zurnali-eglence","status":"publish","type":"post","link":"https:\/\/www.egemtv.com\/?p=51825","title":{"rendered":"Mahalleliden denizin ortas\u0131nda davul zurnal\u0131 e\u011flence"},"content":{"rendered":"<p>Mu\u011fla\u2019n\u0131n Mente\u015fe il\u00e7esine ba\u011fl\u0131 D\u00fc\u011ferek Mahallesi sakinleri, birlik ve beraberlik duygular\u0131n\u0131 g\u00fc\u00e7lendirmek amac\u0131yla 120 ki\u015filik tekne turu d\u00fczenledi.<\/p>\n<p>&#8220;Sadece D\u00fc\u011ferek&#8221; slogan\u0131yla yola \u00e7\u0131kan mahalleli, davul zurna e\u015fli\u011finde ger\u00e7ekle\u015fen etkinlikte g\u00f6n\u00fcllerince e\u011flendi. D\u00fc\u011ferek\u2019ten kald\u0131r\u0131lan 5 otob\u00fcsle etkinli\u011fe kat\u0131lan tamam\u0131 erkeklerden olu\u015fan 120 ki\u015filik grup, teknede hem denizin keyfini \u00e7\u0131kard\u0131 hem de oyun havas\u0131 e\u015fli\u011finde e\u011flenceli anlar ya\u015fad\u0131.<\/p>\n<p>Mu\u011fla\u2019n\u0131n vazge\u00e7ilmez geleneklerinden davul zurna e\u015fli\u011finde teknede renkli g\u00f6r\u00fcnt\u00fclere sahne olan mahalleliler bir yandan denize girerek serinledi bir yandan m\u00fczik e\u015fli\u011finde co\u015ftu.<\/p>\n<p>Organizasyonu d\u00fczenleyen \u00c7a\u011flar Dere, etkinli\u011fin birlik ve beraberlik i\u00e7in \u00f6nemli oldu\u011funu vurgulayarak, &#8220;Bu t\u00fcr etkinliklerin birlik ve beraberlik i\u00e7in \u00f6nemli oldu\u011funu d\u00fc\u015f\u00fcn\u00fcyoruz. Bundan sonra da daha kalabal\u0131k, daha co\u015fkulu organizasyonlarla t\u00fcm mahalleliyi kapsayacak \u015fekilde bu gelene\u011fi s\u00fcrd\u00fcrece\u011fiz&#8221; dedi.<\/p>\n<p>Mahalle sakinleri, etkinlikle hem e\u011flendi hem de dayan\u0131\u015fma ruhunu peki\u015ftirdi.<br \/><\/p>\n","protected":false},"excerpt":{"rendered":"<p>Mu\u011fla\u2019n\u0131n Mente\u015fe il\u00e7esine ba\u011fl\u0131 D\u00fc\u011ferek Mahallesi sakinleri, birlik ve beraberlik duygular\u0131n\u0131 g\u00fc\u00e7lendirmek amac\u0131yla 120 ki\u015filik tekne turu d\u00fczenledi. &#8220;Sadece D\u00fc\u011ferek&#8221; slogan\u0131yla yola \u00e7\u0131kan mahalleli, davul zurna e\u015fli\u011finde ger\u00e7ekle\u015fen etkinlikte g\u00f6n\u00fcllerince e\u011flendi. D\u00fc\u011ferek\u2019ten kald\u0131r\u0131lan 5 otob\u00fcsle etkinli\u011fe kat\u0131lan tamam\u0131 erkeklerden olu\u015fan 120 ki\u015filik grup, teknede hem denizin keyfini \u00e7\u0131kard\u0131 hem de oyun havas\u0131 e\u015fli\u011finde e\u011flenceli anlar&#8230;<\/p>\n","protected":false},"author":1,"featured_media":51826,"comment_status":"open","ping_status":"open","sticky":false,"template":"","format":"standard","meta":{"_crdt_document":"","footnotes":""},"categories":[123],"tags":[],"class_list":["post-51825","post","type-post","status-publish","format-standard","has-post-thumbnail","hentry","category-gundem"],"_links":{"self":[{"href":"https:\/\/www.egemtv.com\/index.php?rest_route=\/wp\/v2\/posts\/51825","targetHints":{"allow":["GET"]}}],"collection":[{"href":"https:\/\/www.egemtv.com\/index.php?rest_route=\/wp\/v2\/posts"}],"about":[{"href":"https:\/\/www.egemtv.com\/index.php?rest_route=\/wp\/v2\/types\/post"}],"author":[{"embeddable":true,"href":"https:\/\/www.egemtv.com\/index.php?rest_route=\/wp\/v2\/users\/1"}],"replies":[{"embeddable":true,"href":"https:\/\/www.egemtv.com\/index.php?rest_route=%2Fwp%2Fv2%2Fcomments&post=51825"}],"version-history":[{"count":1,"href":"https:\/\/www.egemtv.com\/index.php?rest_route=\/wp\/v2\/posts\/51825\/revisions"}],"predecessor-version":[{"id":51827,"href":"https:\/\/www.egemtv.com\/index.php?rest_route=\/wp\/v2\/posts\/51825\/revisions\/51827"}],"wp:featuredmedia":[{"embeddable":true,"href":"https:\/\/www.egemtv.com\/index.php?rest_route=\/wp\/v2\/media\/51826"}],"wp:attachment":[{"href":"https:\/\/www.egemtv.com\/index.php?rest_route=%2Fwp%2Fv2%2Fmedia&parent=51825"}],"wp:term":[{"taxonomy":"category","embeddable":true,"href":"https:\/\/www.egemtv.com\/index.php?rest_route=%2Fwp%2Fv2%2Fcategories&post=51825"},{"taxonomy":"post_tag","embeddable":true,"href":"https:\/\/www.egemtv.com\/index.php?rest_route=%2Fwp%2Fv2%2Ftags&post=51825"}],"curies":[{"name":"wp","href":"https:\/\/api.w.org\/{rel}","templated":true}]}}