{"id":51822,"date":"2025-08-28T15:34:56","date_gmt":"2025-08-28T12:34:56","guid":{"rendered":"https:\/\/www.egemtv.com\/?p=51822"},"modified":"2025-08-28T15:34:57","modified_gmt":"2025-08-28T12:34:57","slug":"kazada-olen-kuzenler-gozyaslariyla-topraga-verildi","status":"publish","type":"post","link":"https:\/\/www.egemtv.com\/?p=51822","title":{"rendered":"Kazada \u00f6len kuzenler g\u00f6zya\u015flar\u0131yla topra\u011fa verildi"},"content":{"rendered":"<p>Manisa\u2019n\u0131n Turgutlu il\u00e7esinde kazada hayat\u0131n\u0131 kaybeden kuzenler Dalbah\u00e7e k\u00f6y\u00fcnde topra\u011fa verildi.<br \/>\n<br \/>Kaza, d\u00fcn E-96 kara yolunda Turgutlu il\u00e7esi Derbent Mahallesi mevkisinde meydana geldi. Trafikte seyreden Enes Karanfil idaresindeki 35 T 4142 plakal\u0131 otomobil, tali yola d\u00f6nen Orhan G. idaresindeki 08 ABA 971 plakal\u0131 t\u0131ra arkadan \u00e7arpt\u0131. Kaza ihbar\u0131 \u00fczerine olay yerine \u00e7ok say\u0131da itfaiye, sa\u011fl\u0131k, jandarma ve polis ekibi sevk edildi. Ara\u00e7ta s\u0131k\u0131\u015fan Furkan Karanfil ekipler taraf\u0131ndan \u00e7\u0131kar\u0131larak Turgutlu Devlet Hastanesine g\u00f6t\u00fcr\u00fcl\u00fcrken, Emre Karanfil ve kuzeni Enes Karanfil\u2019in yap\u0131lan kontrolde hayat\u0131n\u0131 kaybetti\u011fi tespit edildi. Ac\u0131 haber al\u0131p olay yerine gelen kuzenlerin arkada\u015flar\u0131 ve akrabalar\u0131 b\u00fcy\u00fck \u00fcz\u00fcnt\u00fc ya\u015fad\u0131.<br \/>\n<br \/>Ara\u00e7taki \u015fah\u0131slardan Enes Karanfil ve Furkan Karanfil\u2019in karde\u015f, Emre Karanfil\u2019in de kuzenleri oldu\u011fu \u00f6\u011frenildi. Kazan\u0131n ard\u0131ndan \u0130zmir y\u00f6n\u00fcnde trafik bir s\u00fcre tek \u015feritten sa\u011fland\u0131. Kazayla ilgili soru\u015fturma ba\u015flat\u0131ld\u0131.<br \/>\n<br \/>\u0130l\u00e7eyi yasa bo\u011fan kazada hayat\u0131n\u0131 kaybeden iki kuzen, Turgutlu il\u00e7esine ba\u011fl\u0131 k\u0131rsal Dalbah\u00e7e Mahallesinde \u00f6\u011fleyin k\u0131l\u0131nan cenaze namaz\u0131n\u0131n ard\u0131ndan Dalbah\u00e7e kabristan\u0131nda topra\u011fa verildi.<br \/><\/p>\n","protected":false},"excerpt":{"rendered":"<p>Manisa\u2019n\u0131n Turgutlu il\u00e7esinde kazada hayat\u0131n\u0131 kaybeden kuzenler Dalbah\u00e7e k\u00f6y\u00fcnde topra\u011fa verildi. Kaza, d\u00fcn E-96 kara yolunda Turgutlu il\u00e7esi Derbent Mahallesi mevkisinde meydana geldi. Trafikte seyreden Enes Karanfil idaresindeki 35 T 4142 plakal\u0131 otomobil, tali yola d\u00f6nen Orhan G. idaresindeki 08 ABA 971 plakal\u0131 t\u0131ra arkadan \u00e7arpt\u0131. Kaza ihbar\u0131 \u00fczerine olay yerine \u00e7ok say\u0131da itfaiye, sa\u011fl\u0131k,&#8230;<\/p>\n","protected":false},"author":1,"featured_media":51823,"comment_status":"open","ping_status":"open","sticky":false,"template":"","format":"standard","meta":{"_crdt_document":"","footnotes":""},"categories":[5],"tags":[],"class_list":["post-51822","post","type-post","status-publish","format-standard","has-post-thumbnail","hentry","category-asayis"],"_links":{"self":[{"href":"https:\/\/www.egemtv.com\/index.php?rest_route=\/wp\/v2\/posts\/51822","targetHints":{"allow":["GET"]}}],"collection":[{"href":"https:\/\/www.egemtv.com\/index.php?rest_route=\/wp\/v2\/posts"}],"about":[{"href":"https:\/\/www.egemtv.com\/index.php?rest_route=\/wp\/v2\/types\/post"}],"author":[{"embeddable":true,"href":"https:\/\/www.egemtv.com\/index.php?rest_route=\/wp\/v2\/users\/1"}],"replies":[{"embeddable":true,"href":"https:\/\/www.egemtv.com\/index.php?rest_route=%2Fwp%2Fv2%2Fcomments&post=51822"}],"version-history":[{"count":1,"href":"https:\/\/www.egemtv.com\/index.php?rest_route=\/wp\/v2\/posts\/51822\/revisions"}],"predecessor-version":[{"id":51824,"href":"https:\/\/www.egemtv.com\/index.php?rest_route=\/wp\/v2\/posts\/51822\/revisions\/51824"}],"wp:featuredmedia":[{"embeddable":true,"href":"https:\/\/www.egemtv.com\/index.php?rest_route=\/wp\/v2\/media\/51823"}],"wp:attachment":[{"href":"https:\/\/www.egemtv.com\/index.php?rest_route=%2Fwp%2Fv2%2Fmedia&parent=51822"}],"wp:term":[{"taxonomy":"category","embeddable":true,"href":"https:\/\/www.egemtv.com\/index.php?rest_route=%2Fwp%2Fv2%2Fcategories&post=51822"},{"taxonomy":"post_tag","embeddable":true,"href":"https:\/\/www.egemtv.com\/index.php?rest_route=%2Fwp%2Fv2%2Ftags&post=51822"}],"curies":[{"name":"wp","href":"https:\/\/api.w.org\/{rel}","templated":true}]}}