{"id":51819,"date":"2025-08-28T14:55:03","date_gmt":"2025-08-28T11:55:03","guid":{"rendered":"https:\/\/www.egemtv.com\/?p=51819"},"modified":"2025-08-28T14:55:03","modified_gmt":"2025-08-28T11:55:03","slug":"kosk-belediyesi-marketleri-denetledi","status":"publish","type":"post","link":"https:\/\/www.egemtv.com\/?p=51819","title":{"rendered":"K\u00f6\u015fk Belediyesi marketleri denetledi"},"content":{"rendered":"<p>K\u00f6\u015fk Belediyesi Zab\u0131ta ekipleri taraf\u0131ndan il\u00e7e merkezindeki marketler denetlendi. Belediye taraf\u0131ndan denetim sonu\u00e7lar\u0131 ile ilgili herhangi bir a\u00e7\u0131klanma yap\u0131lmazken vatanda\u015flar Ba\u015fkan Nuri G\u00fcler\u2019in soka\u011fa \u00e7\u0131k\u0131p y\u00fcr\u00fcnemez duruma gelen kald\u0131r\u0131mlarda denetleme yapmas\u0131n\u0131 istedi.<br \/>\n<br \/>Yakla\u015f\u0131k 30 bin n\u00fcfusa sahip olan ve 23 K\u0131rsal Mahalleye sahip K\u00f6\u015fk il\u00e7esinde zab\u0131ta ekipleri taraf\u0131ndan yap\u0131lan denetimin Belediye ba\u015fkan\u0131 Nuri G\u00fcler\u2019in talimat\u0131 ile halk\u0131n al\u0131\u015fveri\u015flerini g\u00fcvenilir piyasa \u015fartlar\u0131 alt\u0131nda yapabilmelerini sa\u011flamak i\u00e7in ger\u00e7ekle\u015ftirdi\u011fi belirtildi.<br \/>\n<br \/>Vatanda\u015flar\u0131n ekiplerin denetiminden memnuniyet duyarken, son zamanlarda ortal\u0131kta g\u00f6r\u00fcnmeyen K\u00f6\u015fk Belediye Ba\u015fkan\u0131 Nuri G\u00fcler\u2019in kald\u0131r\u0131mlar\u0131 da el atmas\u0131n\u0131 il\u00e7ede kald\u0131r\u0131m i\u015fgali nedeniyle yayalara y\u00fcr\u00fcyecek yer kalmad\u0131\u011f\u0131n\u0131 belirttiler.<br \/><\/p>\n","protected":false},"excerpt":{"rendered":"<p>K\u00f6\u015fk Belediyesi Zab\u0131ta ekipleri taraf\u0131ndan il\u00e7e merkezindeki marketler denetlendi. Belediye taraf\u0131ndan denetim sonu\u00e7lar\u0131 ile ilgili herhangi bir a\u00e7\u0131klanma yap\u0131lmazken vatanda\u015flar Ba\u015fkan Nuri G\u00fcler\u2019in soka\u011fa \u00e7\u0131k\u0131p y\u00fcr\u00fcnemez duruma gelen kald\u0131r\u0131mlarda denetleme yapmas\u0131n\u0131 istedi. Yakla\u015f\u0131k 30 bin n\u00fcfusa sahip olan ve 23 K\u0131rsal Mahalleye sahip K\u00f6\u015fk il\u00e7esinde zab\u0131ta ekipleri taraf\u0131ndan yap\u0131lan denetimin Belediye ba\u015fkan\u0131 Nuri G\u00fcler\u2019in talimat\u0131&#8230;<\/p>\n","protected":false},"author":1,"featured_media":51820,"comment_status":"open","ping_status":"open","sticky":false,"template":"","format":"standard","meta":{"_crdt_document":"","footnotes":""},"categories":[1],"tags":[],"class_list":["post-51819","post","type-post","status-publish","format-standard","has-post-thumbnail","hentry","category-guncel"],"_links":{"self":[{"href":"https:\/\/www.egemtv.com\/index.php?rest_route=\/wp\/v2\/posts\/51819","targetHints":{"allow":["GET"]}}],"collection":[{"href":"https:\/\/www.egemtv.com\/index.php?rest_route=\/wp\/v2\/posts"}],"about":[{"href":"https:\/\/www.egemtv.com\/index.php?rest_route=\/wp\/v2\/types\/post"}],"author":[{"embeddable":true,"href":"https:\/\/www.egemtv.com\/index.php?rest_route=\/wp\/v2\/users\/1"}],"replies":[{"embeddable":true,"href":"https:\/\/www.egemtv.com\/index.php?rest_route=%2Fwp%2Fv2%2Fcomments&post=51819"}],"version-history":[{"count":1,"href":"https:\/\/www.egemtv.com\/index.php?rest_route=\/wp\/v2\/posts\/51819\/revisions"}],"predecessor-version":[{"id":51821,"href":"https:\/\/www.egemtv.com\/index.php?rest_route=\/wp\/v2\/posts\/51819\/revisions\/51821"}],"wp:featuredmedia":[{"embeddable":true,"href":"https:\/\/www.egemtv.com\/index.php?rest_route=\/wp\/v2\/media\/51820"}],"wp:attachment":[{"href":"https:\/\/www.egemtv.com\/index.php?rest_route=%2Fwp%2Fv2%2Fmedia&parent=51819"}],"wp:term":[{"taxonomy":"category","embeddable":true,"href":"https:\/\/www.egemtv.com\/index.php?rest_route=%2Fwp%2Fv2%2Fcategories&post=51819"},{"taxonomy":"post_tag","embeddable":true,"href":"https:\/\/www.egemtv.com\/index.php?rest_route=%2Fwp%2Fv2%2Ftags&post=51819"}],"curies":[{"name":"wp","href":"https:\/\/api.w.org\/{rel}","templated":true}]}}