{"id":51816,"date":"2025-08-28T14:55:01","date_gmt":"2025-08-28T11:55:01","guid":{"rendered":"https:\/\/www.egemtv.com\/?p=51816"},"modified":"2025-08-28T14:55:02","modified_gmt":"2025-08-28T11:55:02","slug":"baskan-cercioglu-aydinlilari-30-agustos-coskusunu-yasamaya-davet-etti","status":"publish","type":"post","link":"https:\/\/www.egemtv.com\/?p=51816","title":{"rendered":"Ba\u015fkan \u00c7er\u00e7io\u011flu, Ayd\u0131nl\u0131lar\u0131 30 A\u011fustos co\u015fkusunu ya\u015famaya davet etti"},"content":{"rendered":"<p>Ayd\u0131n B\u00fcy\u00fck\u015fehir Belediye Ba\u015fkan\u0131 \u00d6zlem \u00c7er\u00e7io\u011flu\u2019nun \u00f6nc\u00fcl\u00fc\u011f\u00fcnde, 30 A\u011fustos Zafer Bayram\u0131 co\u015fkusu Ayd\u0131n\u2019\u0131n d\u00f6rt bir yan\u0131nda etkinliklerle ya\u015fanacak. B\u00fcy\u00fck\u015fehir Belediyesi taraf\u0131ndan d\u00fczenlenen etkinliklerle, vatanda\u015flar hem kutlu zaferin y\u0131ld\u00f6n\u00fcm\u00fcn\u00fcn co\u015fkusunu ya\u015fayacak hem de unutulmaz konserlerle bulu\u015facak.<\/p>\n<p>Etkinlik program\u0131 kapsam\u0131nda 29 A\u011fustos Cuma g\u00fcn\u00fc saat 21.30\u2019da Buharkent Cumhuriyet Meydan\u0131\u2019nda Bilal Sonses sahne alacak. 30 A\u011fustos Cumartesi g\u00fcn\u00fc saat 21.30\u2019da ise Efeler Atat\u00fcrk Kent Meydan\u0131\u2019nda Hakan Altun\u2019un konseriyle vatanda\u015flar bayram co\u015fkusunu birlikte ya\u015fayacak. Kutlamalar, 31 A\u011fustos Pazar g\u00fcn\u00fc saat 21.30\u2019da \u0130ncirliova Cumhuriyet Meydan\u0131\u2019nda \u00dcmit Besen ve Pamela\u2019n\u0131n sahne almas\u0131yla sona erecek.<br \/>\n<br \/>T\u00fcm Ayd\u0131nl\u0131lar\u0131 etkinliklere kat\u0131lmaya davet eden Ba\u015fkan \u00c7er\u00e7io\u011flu, &#8220;30 A\u011fustos Zafer Bayram\u0131, milletimizin ba\u011f\u0131ms\u0131zl\u0131k m\u00fccadelesinin ve azminin simgesidir. Milletimizin ba\u011f\u0131ms\u0131zl\u0131k m\u00fccadelesini ve zafer ruhunu hep birlikte kutlayacak, bayram co\u015fkusunu etkinliklerimizle payla\u015faca\u011f\u0131z&#8221; ifadelerini kulland\u0131.<br \/><\/p>\n","protected":false},"excerpt":{"rendered":"<p>Ayd\u0131n B\u00fcy\u00fck\u015fehir Belediye Ba\u015fkan\u0131 \u00d6zlem \u00c7er\u00e7io\u011flu\u2019nun \u00f6nc\u00fcl\u00fc\u011f\u00fcnde, 30 A\u011fustos Zafer Bayram\u0131 co\u015fkusu Ayd\u0131n\u2019\u0131n d\u00f6rt bir yan\u0131nda etkinliklerle ya\u015fanacak. B\u00fcy\u00fck\u015fehir Belediyesi taraf\u0131ndan d\u00fczenlenen etkinliklerle, vatanda\u015flar hem kutlu zaferin y\u0131ld\u00f6n\u00fcm\u00fcn\u00fcn co\u015fkusunu ya\u015fayacak hem de unutulmaz konserlerle bulu\u015facak. Etkinlik program\u0131 kapsam\u0131nda 29 A\u011fustos Cuma g\u00fcn\u00fc saat 21.30\u2019da Buharkent Cumhuriyet Meydan\u0131\u2019nda Bilal Sonses sahne alacak. 30 A\u011fustos Cumartesi g\u00fcn\u00fc&#8230;<\/p>\n","protected":false},"author":1,"featured_media":51817,"comment_status":"open","ping_status":"open","sticky":false,"template":"","format":"standard","meta":{"_crdt_document":"","footnotes":""},"categories":[1],"tags":[],"class_list":["post-51816","post","type-post","status-publish","format-standard","has-post-thumbnail","hentry","category-guncel"],"_links":{"self":[{"href":"https:\/\/www.egemtv.com\/index.php?rest_route=\/wp\/v2\/posts\/51816","targetHints":{"allow":["GET"]}}],"collection":[{"href":"https:\/\/www.egemtv.com\/index.php?rest_route=\/wp\/v2\/posts"}],"about":[{"href":"https:\/\/www.egemtv.com\/index.php?rest_route=\/wp\/v2\/types\/post"}],"author":[{"embeddable":true,"href":"https:\/\/www.egemtv.com\/index.php?rest_route=\/wp\/v2\/users\/1"}],"replies":[{"embeddable":true,"href":"https:\/\/www.egemtv.com\/index.php?rest_route=%2Fwp%2Fv2%2Fcomments&post=51816"}],"version-history":[{"count":1,"href":"https:\/\/www.egemtv.com\/index.php?rest_route=\/wp\/v2\/posts\/51816\/revisions"}],"predecessor-version":[{"id":51818,"href":"https:\/\/www.egemtv.com\/index.php?rest_route=\/wp\/v2\/posts\/51816\/revisions\/51818"}],"wp:featuredmedia":[{"embeddable":true,"href":"https:\/\/www.egemtv.com\/index.php?rest_route=\/wp\/v2\/media\/51817"}],"wp:attachment":[{"href":"https:\/\/www.egemtv.com\/index.php?rest_route=%2Fwp%2Fv2%2Fmedia&parent=51816"}],"wp:term":[{"taxonomy":"category","embeddable":true,"href":"https:\/\/www.egemtv.com\/index.php?rest_route=%2Fwp%2Fv2%2Fcategories&post=51816"},{"taxonomy":"post_tag","embeddable":true,"href":"https:\/\/www.egemtv.com\/index.php?rest_route=%2Fwp%2Fv2%2Ftags&post=51816"}],"curies":[{"name":"wp","href":"https:\/\/api.w.org\/{rel}","templated":true}]}}