{"id":51813,"date":"2025-08-28T14:35:57","date_gmt":"2025-08-28T11:35:57","guid":{"rendered":"https:\/\/www.egemtv.com\/?p=51813"},"modified":"2025-08-28T14:35:58","modified_gmt":"2025-08-28T11:35:58","slug":"ilki-duzenlenen-beyagac-kultur-ve-tarhana-festivali-coskuyla-basladi","status":"publish","type":"post","link":"https:\/\/www.egemtv.com\/?p=51813","title":{"rendered":"\u0130lki d\u00fczenlenen Beya\u011fa\u00e7 K\u00fclt\u00fcr ve Tarhana Festivali co\u015fkuyla ba\u015flad\u0131"},"content":{"rendered":"<p>Beya\u011fa\u00e7 Belediyesi taraf\u0131ndan bu y\u0131l ilk kez K\u00fclt\u00fcr ve Tarhana Festivali olarak ger\u00e7ekle\u015ftirilen 14. H\u00fcseyin \u00c7okal Ya\u011fl\u0131 G\u00fcre\u015fleri b\u00fcy\u00fck bir co\u015fkuyla ba\u015flad\u0131. Festivalin ilk g\u00fcn\u00fcnde sahne alan Selim Baykal ve Efe G\u00f6ng\u00f6r, Beya\u011fa\u00e7l\u0131lara unutulmaz bir gece ya\u015fat\u0131rken; Ba\u015fkan Sezayi P\u00fct\u00fcn, &#8220;\u2019Beya\u011fa\u00e7 g\u00fclen insanlar\u0131n ya\u015fad\u0131\u011f\u0131 bir il\u00e7e olacak\u2019 diye s\u00f6z vermi\u015ftik, bunun i\u00e7in \u00e7al\u0131\u015fmaya devam ediyoruz&#8221; dedi.<\/p>\n<p>Beya\u011fa\u00e7 Belediyesi taraf\u0131ndan Beya\u011fa\u00e7\u2019\u0131n do\u011fal g\u00fczelliklerini, k\u00fclt\u00fcr\u00fcn\u00fc ve tarhanas\u0131n\u0131 d\u00fcnyaya duyurmak amac\u0131yla d\u00fczenlenen ve 4. H\u00fcseyin \u00c7okal Ya\u011fl\u0131 G\u00fcre\u015fleriyle birle\u015ftirilen Beya\u011fa\u00e7 K\u00fclt\u00fcr ve Tarhana Festivali co\u015fkuyla ba\u015flad\u0131. Selim Baykal ve Efe G\u00fcng\u00f6r konserleriyle ba\u015flayan festivalde, vatanda\u015flar keyifli zaman ge\u00e7irdi. &#8220;Ege\u2019nin Ferdi Tayfur\u2019u&#8221; olarak bilinen Selim Baykal\u2019\u0131n seslendirdi\u011fi \u015fark\u0131larla h\u00fcz\u00fcnlenip nostaljiyi ya\u015fayan Beya\u011fa\u00e7l\u0131lar, Denizli\u2019nin sevilen seslerinden Efe G\u00fcng\u00f6r konseyiyle doyas\u0131ya e\u011flendi.<\/p>\n<p>Efe G\u00fcng\u00f6r, konserinin sonunda Beya\u011fa\u00e7l\u0131 8 ya\u015f\u0131ndaki g\u00f6rme engelli k\u00fc\u00e7\u00fck hayran\u0131n\u0131 \u0130kra Saldaml\u0131\u2019y\u0131 sahneye alarak onunla birlikte d\u00fcet yapt\u0131. Sesi ve \u00f6z g\u00fcveniyle takdir toplayan k\u00fc\u00e7\u00fck \u0130kra, Beya\u011fa\u00e7l\u0131 vatanda\u015flar taraf\u0131ndan alk\u0131\u015fland\u0131.<\/p>\n<p>Mutlu bir Beya\u011fa\u00e7 i\u00e7in gece g\u00fcnd\u00fcz demeden \u00e7al\u0131\u015fmaya devam edeceklerini belirten Beya\u011fa\u00e7 Belediye Ba\u015fkan\u0131 Sezayi P\u00fct\u00fcn, &#8220;Festivalimiz kapsam\u0131nda, 100 y\u0131llardan beri s\u00fcre gelen bizlere atalar\u0131m\u0131zdan yadigar kalan etkinliklerimiz i\u00e7in yar\u0131n Kartal G\u00f6l\u00fcne gidece\u011fiz. \u015euanda Kartal g\u00f6l\u00fcnde de kamp kuran muhte\u015fem kalabal\u0131k var.  14\u2019\u00fcnc\u00fcn\u00fc ger\u00e7ekle\u015ftirecek oldu\u011fumuz H\u00fcseyin \u00c7okal Ya\u011fl\u0131 G\u00fcre\u015fleri bu sezon b\u00fcy\u00fck bir co\u015fku dolu ve e\u011flenceli K\u00fclt\u00fcr ve Tarhana Festivali ile beraber mutlulu\u011funu ya\u015f\u0131yoruz. Bu sene etkinliklerimizi biraz daha canl\u0131l\u0131k katarak ve Beya\u011fa\u00e7\u2019a tan\u0131tarak festivale 4 g\u00fcne \u00e7\u0131kard\u0131k. G\u00fcn boyu yorulan vatanda\u015flar\u0131m\u0131z ak\u015famlar\u0131 buraya gelerek e\u011fleniyor. Bu sene gibi gelecek senelerde festivallerimiz devam edecek. 15 tane kemerli g\u00fcre\u015f\u00e7imiz ve toplamda 36 ba\u015fpehlivan bulunuyor. Cumartesiye kadar ba\u015fvuran g\u00fcre\u015f\u00e7ilerimizin 40\u2019a ula\u015faca\u011f\u0131n\u0131 d\u00fc\u015f\u00fcn\u00fcyoruz. Toplamda ise 700\u2019\u00fcn \u00fczerinde g\u00fcre\u015f\u00e7imiz yer alacak. Beya\u011fa\u00e7\u2019ta egenin k\u0131rkp\u0131nar\u0131n\u0131 yap\u0131yoruz. Ege\u2019de yap\u0131lan en b\u00fcy\u00fck ya\u011fl\u0131 pehlivan g\u00fcre\u015flerini bu sene burada yapaca\u011f\u0131z&#8221; dedi.<\/p>\n<p>7 as\u0131rl\u0131k gelenek ya\u015fat\u0131lacak<br \/>\n<br \/>Kartal G\u00f6l\u00fcnde ger\u00e7ekle\u015fen 7 as\u0131rl\u0131k gelene\u011fi s\u00fcrd\u00fcrd\u00fcklerini ifade eden Ba\u015fkan P\u00fct\u00fcn, &#8220;Her y\u0131l\u0131n A\u011fustos ay\u0131n\u0131n son Per\u015fembesi yap\u0131lmakta olan Eren Dede etkinliklerini de 28 A\u011fustosta yapaca\u011f\u0131z. Eren Dede etkinli\u011fi i\u00e7in sabah 5\u2019de Kartal G\u00f6l\u00fcnde olaca\u011f\u0131z. Sonras\u0131nda ise yaya olarak an\u0131t mezar\u0131n\u0131n oldu\u011fu noktaya gidece\u011fiz. Orada adaklar\u0131m\u0131z\u0131 aday\u0131p, dualar\u0131m\u0131z\u0131 edip ve namaz\u0131m\u0131 k\u0131laca\u011f\u0131z. Bu miras\u0131 korumak i\u00e7in son derece itinal\u0131 ve titiz davran\u0131yoruz. Eren Dede Etkinli\u011fi i\u00e7in Mu\u011fla\u2019dan, Antalya\u2019dan ve Denizli\u2019den gelen misafirler bulunuyor. \u00c7i\u00e7ek Baba Da\u011f\u0131n\u0131n 2 bin 200 metre y\u00fcksekli\u011finde bulu\u015fuyoruz. 31 Mart 2025\u2019de se\u00e7imlerinde ba\u015fkan se\u00e7ildi\u011fimizde s\u00f6z verdi\u011fimiz gibi s\u00f6zlerimizi teker teker yerine getirmeye \u00e7al\u0131\u015f\u0131yoruz. \u2019Beya\u011fa\u00e7 g\u00fclen insanlar\u0131n ya\u015fad\u0131\u011f\u0131 bir il\u00e7e olacak\u2019 diye s\u00f6z vermi\u015ftik, bunun i\u00e7in \u00e7al\u0131\u015fmaya devam ediyoruz. Bu vizyonda ilerliyoruz. Bizim telefonumuz 24 saat boyunca a\u00e7\u0131kt\u0131r. 7 24 \u00e7al\u0131\u015fmaktay\u0131z. Her saat her g\u00fcn Beya\u011fa\u00e7 i\u00e7in elimizden geleni yap\u0131yoruz&#8221; \u015feklinde konu\u015ftu.<\/p>\n<p>\u0130lk g\u00fcnden b\u00fcy\u00fck co\u015fkuya sahne olan festival, \u00c7i\u00e7ek Baba Da\u011f\u0131nda d\u00fczenlenecek Eren Dede etkinliklerinin yan\u0131 s\u0131ra Serkan Dumano ve Nurcan Alt\u0131nok konserleriyle devam edecek. Festivalin \u00fc\u00e7\u00fcnc\u00fc g\u00fcn\u00fc ise Mustafa Y\u0131ld\u0131zdo\u011fan sahne alacak ve 30 A\u011fustos Cumartesi H\u00fcseyin \u00c7okal Ya\u011fl\u0131 Pehlivan G\u00fcre\u015fleriyle festival son bulacak. Ya\u011fl\u0131 g\u00fcre\u015flerde Ali G\u00fcrb\u00fcz ve \u0130smail Balaban olmak \u00fczere 40 ba\u015fpehlivan er meydan\u0131na \u00e7\u0131kacak.<br \/><\/p>\n","protected":false},"excerpt":{"rendered":"<p>Beya\u011fa\u00e7 Belediyesi taraf\u0131ndan bu y\u0131l ilk kez K\u00fclt\u00fcr ve Tarhana Festivali olarak ger\u00e7ekle\u015ftirilen 14. H\u00fcseyin \u00c7okal Ya\u011fl\u0131 G\u00fcre\u015fleri b\u00fcy\u00fck bir co\u015fkuyla ba\u015flad\u0131. Festivalin ilk g\u00fcn\u00fcnde sahne alan Selim Baykal ve Efe G\u00f6ng\u00f6r, Beya\u011fa\u00e7l\u0131lara unutulmaz bir gece ya\u015fat\u0131rken; Ba\u015fkan Sezayi P\u00fct\u00fcn, &#8220;\u2019Beya\u011fa\u00e7 g\u00fclen insanlar\u0131n ya\u015fad\u0131\u011f\u0131 bir il\u00e7e olacak\u2019 diye s\u00f6z vermi\u015ftik, bunun i\u00e7in \u00e7al\u0131\u015fmaya devam ediyoruz&#8221;&#8230;<\/p>\n","protected":false},"author":1,"featured_media":51814,"comment_status":"open","ping_status":"open","sticky":false,"template":"","format":"standard","meta":{"_crdt_document":"","footnotes":""},"categories":[1],"tags":[],"class_list":["post-51813","post","type-post","status-publish","format-standard","has-post-thumbnail","hentry","category-guncel"],"_links":{"self":[{"href":"https:\/\/www.egemtv.com\/index.php?rest_route=\/wp\/v2\/posts\/51813","targetHints":{"allow":["GET"]}}],"collection":[{"href":"https:\/\/www.egemtv.com\/index.php?rest_route=\/wp\/v2\/posts"}],"about":[{"href":"https:\/\/www.egemtv.com\/index.php?rest_route=\/wp\/v2\/types\/post"}],"author":[{"embeddable":true,"href":"https:\/\/www.egemtv.com\/index.php?rest_route=\/wp\/v2\/users\/1"}],"replies":[{"embeddable":true,"href":"https:\/\/www.egemtv.com\/index.php?rest_route=%2Fwp%2Fv2%2Fcomments&post=51813"}],"version-history":[{"count":1,"href":"https:\/\/www.egemtv.com\/index.php?rest_route=\/wp\/v2\/posts\/51813\/revisions"}],"predecessor-version":[{"id":51815,"href":"https:\/\/www.egemtv.com\/index.php?rest_route=\/wp\/v2\/posts\/51813\/revisions\/51815"}],"wp:featuredmedia":[{"embeddable":true,"href":"https:\/\/www.egemtv.com\/index.php?rest_route=\/wp\/v2\/media\/51814"}],"wp:attachment":[{"href":"https:\/\/www.egemtv.com\/index.php?rest_route=%2Fwp%2Fv2%2Fmedia&parent=51813"}],"wp:term":[{"taxonomy":"category","embeddable":true,"href":"https:\/\/www.egemtv.com\/index.php?rest_route=%2Fwp%2Fv2%2Fcategories&post=51813"},{"taxonomy":"post_tag","embeddable":true,"href":"https:\/\/www.egemtv.com\/index.php?rest_route=%2Fwp%2Fv2%2Ftags&post=51813"}],"curies":[{"name":"wp","href":"https:\/\/api.w.org\/{rel}","templated":true}]}}