{"id":51810,"date":"2025-08-28T14:35:56","date_gmt":"2025-08-28T11:35:56","guid":{"rendered":"https:\/\/www.egemtv.com\/?p=51810"},"modified":"2025-08-28T14:35:56","modified_gmt":"2025-08-28T11:35:56","slug":"aydina-milli-mucadele-muzesi","status":"publish","type":"post","link":"https:\/\/www.egemtv.com\/?p=51810","title":{"rendered":"Ayd\u0131n\u2019a Milli M\u00fccadele M\u00fczesi"},"content":{"rendered":"<p>Ayd\u0131n B\u00fcy\u00fck\u015fehir Belediyesi ile \u00c7evre, \u015eehircilik ve \u0130klim De\u011fi\u015fikli\u011fi Bakanl\u0131\u011f\u0131, kentin tarihi ve k\u00fclt\u00fcrel miras\u0131na katk\u0131 sa\u011flayacak \u00f6nemli bir projede i\u015f birli\u011fine haz\u0131rlan\u0131yor. Ortakla\u015fa y\u00fcr\u00fct\u00fclen \u00e7al\u0131\u015fma kapsam\u0131nda, Ayd\u0131n Tekstil alan\u0131nda restorasyonu tamamlanan b\u00f6l\u00fcmde bir Milli M\u00fccadele M\u00fczesi hayata ge\u00e7irilecek.<br \/>\n<br \/>Kent belle\u011fine \u00f6nemli katk\u0131lar sunacak olan m\u00fcze, Kurtulu\u015f Sava\u015f\u0131 y\u0131llar\u0131nda Ayd\u0131n ve Ege B\u00f6lgesi\u2019nde verilen m\u00fccadeleyi gelecek nesillere aktarmay\u0131 hedefliyor. Restorasyonun tamamlanmas\u0131yla birlikte yakla\u015f\u0131k 1200 metrekare kapal\u0131 alan\u0131n modern m\u00fczecilik anlay\u0131\u015f\u0131yla d\u00fczenlenmesi i\u00e7in haz\u0131rl\u0131klara ba\u015fland\u0131.<br \/>\n<br \/>Kurtulu\u015f Sava\u015f\u0131 y\u0131llar\u0131nda Gazi Mustafa Kemal Atat\u00fcrk ve silah arkada\u015flar\u0131n\u0131n verdi\u011fi kahramanl\u0131k m\u00fccadelesinin \u00e7ocuklar\u0131n ve gen\u00e7lerin haf\u0131zalar\u0131na kaz\u0131naca\u011f\u0131 bir m\u00fcze olu\u015fturulacak.<br \/>\n<br \/>Yakla\u015f\u0131k 100 milyon liraya mal olacak projeyle birlikte, tarihi dokusu korunarak restore edilen Ayd\u0131n Tekstil\u2019de bulunan fabrika binas\u0131n\u0131n i\u00e7inde Milli M\u00fccadele y\u0131llar\u0131nda destans\u0131 bir direni\u015f g\u00f6steren Ayd\u0131n halk\u0131n\u0131n kahramanl\u0131klar\u0131n\u0131n gelecek nesillere aktar\u0131lmas\u0131 ama\u00e7lan\u0131yor.<br \/>\n<br \/>Proje kapsam\u0131nda, 3 boyutlu interaktif deneyim m\u00fczesinin de yer alaca\u011f\u0131 m\u00fczede d\u00f6nemin belgeleri, foto\u011fraflar\u0131, objeleri ve dijital sunumlarla zenginle\u015ftirilmi\u015f sergiler ve interaktif alanlar yer alacak. B\u00f6ylece hem Ayd\u0131n halk\u0131 hem de kenti ziyaret eden turistler i\u00e7in etkileyici bir k\u00fclt\u00fcr dura\u011f\u0131 olu\u015fturulacak.<br \/>\n<br \/>Ayd\u0131n B\u00fcy\u00fck\u015fehir Belediye Ba\u015fkan\u0131 \u00d6zlem \u00c7er\u00e7io\u011flu proje ile ilgili yapt\u0131\u011f\u0131 a\u00e7\u0131klamada, m\u00fczenin kente kazand\u0131r\u0131lmas\u0131n\u0131n sadece bir k\u00fclt\u00fcrel ad\u0131m de\u011fil ayn\u0131 zamanda bir turizm yat\u0131r\u0131m\u0131 oldu\u011funa dikkat \u00e7ekti. Bakanl\u0131k ile y\u00fcr\u00fct\u00fclen i\u015f birli\u011finin, Ayd\u0131n\u2019\u0131n tarihi kimli\u011fini daha g\u00f6r\u00fcn\u00fcr k\u0131laca\u011f\u0131n\u0131 ifade eden \u00c7er\u00e7io\u011flu, projenin tamamland\u0131\u011f\u0131nda ulusal \u00f6l\u00e7ekte ses getirece\u011fini belirtti.<br \/><\/p>\n","protected":false},"excerpt":{"rendered":"<p>Ayd\u0131n B\u00fcy\u00fck\u015fehir Belediyesi ile \u00c7evre, \u015eehircilik ve \u0130klim De\u011fi\u015fikli\u011fi Bakanl\u0131\u011f\u0131, kentin tarihi ve k\u00fclt\u00fcrel miras\u0131na katk\u0131 sa\u011flayacak \u00f6nemli bir projede i\u015f birli\u011fine haz\u0131rlan\u0131yor. Ortakla\u015fa y\u00fcr\u00fct\u00fclen \u00e7al\u0131\u015fma kapsam\u0131nda, Ayd\u0131n Tekstil alan\u0131nda restorasyonu tamamlanan b\u00f6l\u00fcmde bir Milli M\u00fccadele M\u00fczesi hayata ge\u00e7irilecek. Kent belle\u011fine \u00f6nemli katk\u0131lar sunacak olan m\u00fcze, Kurtulu\u015f Sava\u015f\u0131 y\u0131llar\u0131nda Ayd\u0131n ve Ege B\u00f6lgesi\u2019nde verilen m\u00fccadeleyi&#8230;<\/p>\n","protected":false},"author":1,"featured_media":51811,"comment_status":"open","ping_status":"open","sticky":false,"template":"","format":"standard","meta":{"_crdt_document":"","footnotes":""},"categories":[1],"tags":[],"class_list":["post-51810","post","type-post","status-publish","format-standard","has-post-thumbnail","hentry","category-guncel"],"_links":{"self":[{"href":"https:\/\/www.egemtv.com\/index.php?rest_route=\/wp\/v2\/posts\/51810","targetHints":{"allow":["GET"]}}],"collection":[{"href":"https:\/\/www.egemtv.com\/index.php?rest_route=\/wp\/v2\/posts"}],"about":[{"href":"https:\/\/www.egemtv.com\/index.php?rest_route=\/wp\/v2\/types\/post"}],"author":[{"embeddable":true,"href":"https:\/\/www.egemtv.com\/index.php?rest_route=\/wp\/v2\/users\/1"}],"replies":[{"embeddable":true,"href":"https:\/\/www.egemtv.com\/index.php?rest_route=%2Fwp%2Fv2%2Fcomments&post=51810"}],"version-history":[{"count":1,"href":"https:\/\/www.egemtv.com\/index.php?rest_route=\/wp\/v2\/posts\/51810\/revisions"}],"predecessor-version":[{"id":51812,"href":"https:\/\/www.egemtv.com\/index.php?rest_route=\/wp\/v2\/posts\/51810\/revisions\/51812"}],"wp:featuredmedia":[{"embeddable":true,"href":"https:\/\/www.egemtv.com\/index.php?rest_route=\/wp\/v2\/media\/51811"}],"wp:attachment":[{"href":"https:\/\/www.egemtv.com\/index.php?rest_route=%2Fwp%2Fv2%2Fmedia&parent=51810"}],"wp:term":[{"taxonomy":"category","embeddable":true,"href":"https:\/\/www.egemtv.com\/index.php?rest_route=%2Fwp%2Fv2%2Fcategories&post=51810"},{"taxonomy":"post_tag","embeddable":true,"href":"https:\/\/www.egemtv.com\/index.php?rest_route=%2Fwp%2Fv2%2Ftags&post=51810"}],"curies":[{"name":"wp","href":"https:\/\/api.w.org\/{rel}","templated":true}]}}