{"id":51807,"date":"2025-08-28T14:35:55","date_gmt":"2025-08-28T11:35:55","guid":{"rendered":"https:\/\/www.egemtv.com\/?p=51807"},"modified":"2025-08-28T14:35:56","modified_gmt":"2025-08-28T11:35:56","slug":"sulama-kanalina-devrilen-traktorun-surucusu-hayatini-kaybetti","status":"publish","type":"post","link":"https:\/\/www.egemtv.com\/?p=51807","title":{"rendered":"Sulama kanal\u0131na devrilen trakt\u00f6r\u00fcn s\u00fcr\u00fcc\u00fcs\u00fc hayat\u0131n\u0131 kaybetti"},"content":{"rendered":"<p>Manisa\u2019n\u0131n Turgutlu il\u00e7esinde kontrolden \u00e7\u0131k\u0131p sulama kanal\u0131na devrilen trakt\u00f6r s\u00fcr\u00fcc\u00fcs\u00fc hayat\u0131n\u0131 kaybetti.<br \/>\n<br \/>Kaza, Turgutlu\u2019ya ba\u011fl\u0131 Urganl\u0131 Mahallesi\u2019nde meydana geldi. Edinilen bilgiye g\u00f6re, Fatih \u00c7a\u011fal (43) idaresindeki trakt\u00f6r, s\u00fcr\u00fcc\u00fcs\u00fcn\u00fcn direksiyon hakimiyetini kaybetmesi sonucu yoldan \u00e7\u0131karak sulama kanal\u0131na devrildi. \u0130hbar \u00fczerine olay yerine jandarma ekipleri, itfaiye ekipleri ve 112 Acil Sa\u011fl\u0131k ekibi sevk edildi. Kazada a\u011f\u0131r yaralanan \u00c7a\u011fal, t\u00fcm m\u00fcdahalelere ra\u011fmen kurtar\u0131lamad\u0131.<br \/>\n<br \/>Olayla ilgili inceleme s\u00fcr\u00fcyor.<br \/><\/p>\n","protected":false},"excerpt":{"rendered":"<p>Manisa\u2019n\u0131n Turgutlu il\u00e7esinde kontrolden \u00e7\u0131k\u0131p sulama kanal\u0131na devrilen trakt\u00f6r s\u00fcr\u00fcc\u00fcs\u00fc hayat\u0131n\u0131 kaybetti. Kaza, Turgutlu\u2019ya ba\u011fl\u0131 Urganl\u0131 Mahallesi\u2019nde meydana geldi. Edinilen bilgiye g\u00f6re, Fatih \u00c7a\u011fal (43) idaresindeki trakt\u00f6r, s\u00fcr\u00fcc\u00fcs\u00fcn\u00fcn direksiyon hakimiyetini kaybetmesi sonucu yoldan \u00e7\u0131karak sulama kanal\u0131na devrildi. \u0130hbar \u00fczerine olay yerine jandarma ekipleri, itfaiye ekipleri ve 112 Acil Sa\u011fl\u0131k ekibi sevk edildi. Kazada a\u011f\u0131r yaralanan&#8230;<\/p>\n","protected":false},"author":1,"featured_media":51808,"comment_status":"open","ping_status":"open","sticky":false,"template":"","format":"standard","meta":{"_crdt_document":"","footnotes":""},"categories":[5],"tags":[],"class_list":["post-51807","post","type-post","status-publish","format-standard","has-post-thumbnail","hentry","category-asayis"],"_links":{"self":[{"href":"https:\/\/www.egemtv.com\/index.php?rest_route=\/wp\/v2\/posts\/51807","targetHints":{"allow":["GET"]}}],"collection":[{"href":"https:\/\/www.egemtv.com\/index.php?rest_route=\/wp\/v2\/posts"}],"about":[{"href":"https:\/\/www.egemtv.com\/index.php?rest_route=\/wp\/v2\/types\/post"}],"author":[{"embeddable":true,"href":"https:\/\/www.egemtv.com\/index.php?rest_route=\/wp\/v2\/users\/1"}],"replies":[{"embeddable":true,"href":"https:\/\/www.egemtv.com\/index.php?rest_route=%2Fwp%2Fv2%2Fcomments&post=51807"}],"version-history":[{"count":1,"href":"https:\/\/www.egemtv.com\/index.php?rest_route=\/wp\/v2\/posts\/51807\/revisions"}],"predecessor-version":[{"id":51809,"href":"https:\/\/www.egemtv.com\/index.php?rest_route=\/wp\/v2\/posts\/51807\/revisions\/51809"}],"wp:featuredmedia":[{"embeddable":true,"href":"https:\/\/www.egemtv.com\/index.php?rest_route=\/wp\/v2\/media\/51808"}],"wp:attachment":[{"href":"https:\/\/www.egemtv.com\/index.php?rest_route=%2Fwp%2Fv2%2Fmedia&parent=51807"}],"wp:term":[{"taxonomy":"category","embeddable":true,"href":"https:\/\/www.egemtv.com\/index.php?rest_route=%2Fwp%2Fv2%2Fcategories&post=51807"},{"taxonomy":"post_tag","embeddable":true,"href":"https:\/\/www.egemtv.com\/index.php?rest_route=%2Fwp%2Fv2%2Ftags&post=51807"}],"curies":[{"name":"wp","href":"https:\/\/api.w.org\/{rel}","templated":true}]}}