{"id":51804,"date":"2025-08-28T14:35:54","date_gmt":"2025-08-28T11:35:54","guid":{"rendered":"https:\/\/www.egemtv.com\/?p=51804"},"modified":"2025-08-28T14:35:55","modified_gmt":"2025-08-28T11:35:55","slug":"adu-2025-2026-akademik-yilinda-yuzde-9983-yerlesme-oranina-ulasti","status":"publish","type":"post","link":"https:\/\/www.egemtv.com\/?p=51804","title":{"rendered":"AD\u00dc, 2025-2026 Akademik Y\u0131l\u0131\u2019nda y\u00fczde 99,83 yerle\u015fme oran\u0131na ula\u015ft\u0131"},"content":{"rendered":"<p>Ayd\u0131n Adnan Menderes \u00dcniversitesi (AD\u00dc), 2025-2026 akademik y\u0131l\u0131 i\u00e7in tercih edilen \u00fcniversiteler aras\u0131nda yer ald\u0131. Y\u00fcksek\u00f6\u011fretim Kurumlar\u0131 S\u0131nav\u0131 (YKS) sonu\u00e7lar\u0131na g\u00f6re \u00fcniversitenin genel yerle\u015fme oran\u0131 y\u00fczde 99,83 olarak ger\u00e7ekle\u015fti. \u00d6n lisans programlar\u0131nda y\u00fczde 99,90, lisans programlar\u0131nda ise  y\u00fczde 99,76 doluluk kaydedildi.<\/p>\n<p>Ayd\u0131n Adnan Menderes \u00dcniversitesi 21 fak\u00fclte, 3 enstit\u00fc, 1 devlet konservatuvar\u0131, 1 y\u00fcksekokul, 19 meslek y\u00fcksekokulu ve 32 uygulama-ara\u015ft\u0131rma merkeziyle, g\u00fc\u00e7l\u00fc akademik kadrosu ve \u00e7a\u011fda\u015f e\u011fitim altyap\u0131s\u0131 ile \u00f6\u011frencilerine gelece\u011fin ihtiya\u00e7lar\u0131na uygun nitelikli e\u011fitim sunmay\u0131 s\u00fcrd\u00fcr\u00fcyor. AD\u00dc, y\u00fckselen ba\u015far\u0131 grafi\u011fi, yeni a\u00e7\u0131lan programlar\u0131 ve g\u00fc\u00e7l\u00fc akademik yap\u0131s\u0131yla, T\u00fcrkiye\u2019nin gelece\u011fine y\u00f6n verecek donan\u0131ml\u0131 bireyler yeti\u015ftirme misyonunu kararl\u0131l\u0131kla s\u00fcrd\u00fcrmeye devam ediyor.<\/p>\n<p>Yeni e\u011fitim programlar\u0131yla akademik yap\u0131s\u0131n\u0131 da g\u00fc\u00e7lendiren AD\u00dc, Ayd\u0131n Meslek Y\u00fcksekokulu\u2019nda Yapay Zek\u00e2 Operat\u00f6rl\u00fc\u011f\u00fc, S\u00f6ke Meslek Y\u00fcksekokulu\u2019nda ise Kurumsal Bili\u015fim Uzmanl\u0131\u011f\u0131 programlar\u0131n\u0131 2025-2026 akademik y\u0131l\u0131nda ilk kez \u00f6\u011frenci kabul edecek. AD\u00dc Rekt\u00f6r\u00fc Prof. Dr. B\u00fclent Kent, \u00fcniversitenin ba\u015far\u0131s\u0131n\u0131n her ge\u00e7en y\u0131l artt\u0131\u011f\u0131n\u0131 vurgulayarak, &#8220;Lisans programlar\u0131m\u0131zda y\u00fczde 99,76, \u00f6n lisans programlar\u0131m\u0131zda y\u00fczde 99,90 yerle\u015fme oran\u0131 ile \u00f6nemli bir ba\u015far\u0131ya imza att\u0131k. Bu ba\u015far\u0131, akademik kadromuz ve \u00f6\u011frencilerimizin ortak eme\u011finin g\u00f6stergesidir. Hedefimiz, ba\u015far\u0131 \u00e7\u0131tas\u0131n\u0131 her y\u0131l daha da y\u00fckseltmektir&#8221; dedi.<br \/><\/p>\n","protected":false},"excerpt":{"rendered":"<p>Ayd\u0131n Adnan Menderes \u00dcniversitesi (AD\u00dc), 2025-2026 akademik y\u0131l\u0131 i\u00e7in tercih edilen \u00fcniversiteler aras\u0131nda yer ald\u0131. Y\u00fcksek\u00f6\u011fretim Kurumlar\u0131 S\u0131nav\u0131 (YKS) sonu\u00e7lar\u0131na g\u00f6re \u00fcniversitenin genel yerle\u015fme oran\u0131 y\u00fczde 99,83 olarak ger\u00e7ekle\u015fti. \u00d6n lisans programlar\u0131nda y\u00fczde 99,90, lisans programlar\u0131nda ise y\u00fczde 99,76 doluluk kaydedildi. Ayd\u0131n Adnan Menderes \u00dcniversitesi 21 fak\u00fclte, 3 enstit\u00fc, 1 devlet konservatuvar\u0131, 1 y\u00fcksekokul, 19&#8230;<\/p>\n","protected":false},"author":1,"featured_media":51805,"comment_status":"open","ping_status":"open","sticky":false,"template":"","format":"standard","meta":{"_crdt_document":"","footnotes":""},"categories":[1],"tags":[],"class_list":["post-51804","post","type-post","status-publish","format-standard","has-post-thumbnail","hentry","category-guncel"],"_links":{"self":[{"href":"https:\/\/www.egemtv.com\/index.php?rest_route=\/wp\/v2\/posts\/51804","targetHints":{"allow":["GET"]}}],"collection":[{"href":"https:\/\/www.egemtv.com\/index.php?rest_route=\/wp\/v2\/posts"}],"about":[{"href":"https:\/\/www.egemtv.com\/index.php?rest_route=\/wp\/v2\/types\/post"}],"author":[{"embeddable":true,"href":"https:\/\/www.egemtv.com\/index.php?rest_route=\/wp\/v2\/users\/1"}],"replies":[{"embeddable":true,"href":"https:\/\/www.egemtv.com\/index.php?rest_route=%2Fwp%2Fv2%2Fcomments&post=51804"}],"version-history":[{"count":1,"href":"https:\/\/www.egemtv.com\/index.php?rest_route=\/wp\/v2\/posts\/51804\/revisions"}],"predecessor-version":[{"id":51806,"href":"https:\/\/www.egemtv.com\/index.php?rest_route=\/wp\/v2\/posts\/51804\/revisions\/51806"}],"wp:featuredmedia":[{"embeddable":true,"href":"https:\/\/www.egemtv.com\/index.php?rest_route=\/wp\/v2\/media\/51805"}],"wp:attachment":[{"href":"https:\/\/www.egemtv.com\/index.php?rest_route=%2Fwp%2Fv2%2Fmedia&parent=51804"}],"wp:term":[{"taxonomy":"category","embeddable":true,"href":"https:\/\/www.egemtv.com\/index.php?rest_route=%2Fwp%2Fv2%2Fcategories&post=51804"},{"taxonomy":"post_tag","embeddable":true,"href":"https:\/\/www.egemtv.com\/index.php?rest_route=%2Fwp%2Fv2%2Ftags&post=51804"}],"curies":[{"name":"wp","href":"https:\/\/api.w.org\/{rel}","templated":true}]}}