{"id":51801,"date":"2025-08-28T14:14:55","date_gmt":"2025-08-28T11:14:55","guid":{"rendered":"https:\/\/www.egemtv.com\/?p=51801"},"modified":"2025-08-28T14:14:56","modified_gmt":"2025-08-28T11:14:56","slug":"baskan-kumral-babadaga-60-yeni-is-yeri-kazandiriyor","status":"publish","type":"post","link":"https:\/\/www.egemtv.com\/?p=51801","title":{"rendered":"Ba\u015fkan Kumral; &#8220;Babada\u011f\u2019a 60 yeni i\u015f yeri kazand\u0131r\u0131yor&#8221;"},"content":{"rendered":"<p>DEN\u0130ZL\u0130 (\u0130HA) \u2013 Denizli\u2019nin Babada\u011f Belediye Ba\u015fkan\u0131 Murat Kumral, il\u00e7eye kazand\u0131r\u0131lacak modern 60 yeni i\u015f yerinin yap\u0131m protokol\u00fcn\u00fc imzalad\u0131klar\u0131n\u0131 m\u00fcjdeledi.<\/p>\n<p>Babada\u011f Belediyesi ile Toplu Konut \u0130daresi Ba\u015fkanl\u0131\u011f\u0131 aras\u0131nda imzalanan i\u015fbirli\u011fi protokol\u00fc kapsam\u0131nda, Babada\u011f il\u00e7esine 60 adet yeni i\u015f yeri kazand\u0131r\u0131lacak.<\/p>\n<p>Konuyla ilgili olarak Babada\u011fl\u0131lara m\u00fcjdeli haberi veren Belediye Ba\u015fkan\u0131 Murat Kumral, &#8220;Da\u011flar\u0131n ete\u011finde tarih ve k\u00fclt\u00fcr\u00fcn izlerini ta\u015f\u0131yan Babada\u011f\u2019\u0131m\u0131z, dokumac\u0131l\u0131k gelene\u011fi, tarihi evleri ve medeniyet miras\u0131yla k\u00f6kl\u00fc zenginlikleri ba\u011fr\u0131nda ta\u015f\u0131yor. Bu e\u015fsiz co\u011frafyadan ald\u0131\u011f\u0131m\u0131z ilhamla, il\u00e7emizin ekonomik ve sosyal hayat\u0131na de\u011fer katacak \u00f6nemli bir ad\u0131m\u0131 daha atman\u0131n huzur ve mutlulu\u011funu ya\u015f\u0131yoruz. Babada\u011f Belediyesi olarak TOK\u0130 Ba\u015fkanl\u0131\u011f\u0131m\u0131z ile protokol\u00fcm\u00fcz\u00fc imzalad\u0131k. Babada\u011f il\u00e7emize 60 adet yeni i\u015f yeri kazand\u0131r\u0131yoruz&#8221; dedi.<\/p>\n<p>&#8220;Bu yat\u0131r\u0131m ile hem\u015fehrilerimiz modern ve g\u00fcvenli bir ticaret alan\u0131na kavu\u015facak&#8221; diyen Ba\u015fkan Kumral, &#8220;Esnaf\u0131m\u0131z daha sa\u011fl\u0131kl\u0131 ko\u015fullarda hizmet verecek, il\u00e7emizde istihdam artacak, ekonomik canl\u0131l\u0131k g\u00fc\u00e7lenecektir. Bizler, bug\u00fcne kadar oldu\u011fu gibi bundan sonra da eser ve hizmet siyasetinden taviz vermeden yolumuza devam edece\u011fiz. \u0130l\u00e7emizin geli\u015fmesi, kalk\u0131nmas\u0131 ve vatanda\u015flar\u0131m\u0131z\u0131n refah\u0131 i\u00e7in var g\u00fcc\u00fcm\u00fczle \u00e7al\u0131\u015fmay\u0131 s\u00fcrd\u00fcrece\u011fiz.<br \/>\n<br \/>Cumhurba\u015fkan\u0131m\u0131z Recep Tayyip Erdo\u011fan liderli\u011finde, bu s\u00fcre\u00e7te bizlere destek olan AK Parti Genel Ba\u015fkan Yard\u0131mc\u0131m\u0131z, Bakan\u0131m\u0131z Nihat Zeybekci\u2019ye, Denizli milletvekillerimiz Cahit \u00d6zkan, \u015eahin Tin ve Nilg\u00fcn \u00d6k\u2019e, \u0130l Ba\u015fkan\u0131m\u0131z Muhammet Suba\u015f\u0131o\u011flu\u2019na, \u0130l\u00e7e Ba\u015fkan\u0131m\u0131z ba\u015fta olmak \u00fczere t\u00fcm te\u015fkilat mensuplar\u0131m\u0131za ve belediye meclis \u00fcyelerimize ve eme\u011fi ge\u00e7en herkese g\u00f6n\u00fclden te\u015fekk\u00fcr ediyoruz&#8221; ifadelerini kulland\u0131.<br \/><\/p>\n","protected":false},"excerpt":{"rendered":"<p>DEN\u0130ZL\u0130 (\u0130HA) \u2013 Denizli\u2019nin Babada\u011f Belediye Ba\u015fkan\u0131 Murat Kumral, il\u00e7eye kazand\u0131r\u0131lacak modern 60 yeni i\u015f yerinin yap\u0131m protokol\u00fcn\u00fc imzalad\u0131klar\u0131n\u0131 m\u00fcjdeledi. Babada\u011f Belediyesi ile Toplu Konut \u0130daresi Ba\u015fkanl\u0131\u011f\u0131 aras\u0131nda imzalanan i\u015fbirli\u011fi protokol\u00fc kapsam\u0131nda, Babada\u011f il\u00e7esine 60 adet yeni i\u015f yeri kazand\u0131r\u0131lacak. Konuyla ilgili olarak Babada\u011fl\u0131lara m\u00fcjdeli haberi veren Belediye Ba\u015fkan\u0131 Murat Kumral, &#8220;Da\u011flar\u0131n ete\u011finde tarih ve&#8230;<\/p>\n","protected":false},"author":1,"featured_media":51802,"comment_status":"open","ping_status":"open","sticky":false,"template":"","format":"standard","meta":{"_crdt_document":"","footnotes":""},"categories":[125],"tags":[],"class_list":["post-51801","post","type-post","status-publish","format-standard","has-post-thumbnail","hentry","category-ekonomi"],"_links":{"self":[{"href":"https:\/\/www.egemtv.com\/index.php?rest_route=\/wp\/v2\/posts\/51801","targetHints":{"allow":["GET"]}}],"collection":[{"href":"https:\/\/www.egemtv.com\/index.php?rest_route=\/wp\/v2\/posts"}],"about":[{"href":"https:\/\/www.egemtv.com\/index.php?rest_route=\/wp\/v2\/types\/post"}],"author":[{"embeddable":true,"href":"https:\/\/www.egemtv.com\/index.php?rest_route=\/wp\/v2\/users\/1"}],"replies":[{"embeddable":true,"href":"https:\/\/www.egemtv.com\/index.php?rest_route=%2Fwp%2Fv2%2Fcomments&post=51801"}],"version-history":[{"count":1,"href":"https:\/\/www.egemtv.com\/index.php?rest_route=\/wp\/v2\/posts\/51801\/revisions"}],"predecessor-version":[{"id":51803,"href":"https:\/\/www.egemtv.com\/index.php?rest_route=\/wp\/v2\/posts\/51801\/revisions\/51803"}],"wp:featuredmedia":[{"embeddable":true,"href":"https:\/\/www.egemtv.com\/index.php?rest_route=\/wp\/v2\/media\/51802"}],"wp:attachment":[{"href":"https:\/\/www.egemtv.com\/index.php?rest_route=%2Fwp%2Fv2%2Fmedia&parent=51801"}],"wp:term":[{"taxonomy":"category","embeddable":true,"href":"https:\/\/www.egemtv.com\/index.php?rest_route=%2Fwp%2Fv2%2Fcategories&post=51801"},{"taxonomy":"post_tag","embeddable":true,"href":"https:\/\/www.egemtv.com\/index.php?rest_route=%2Fwp%2Fv2%2Ftags&post=51801"}],"curies":[{"name":"wp","href":"https:\/\/api.w.org\/{rel}","templated":true}]}}