{"id":51798,"date":"2025-08-28T14:14:54","date_gmt":"2025-08-28T11:14:54","guid":{"rendered":"https:\/\/www.egemtv.com\/?p=51798"},"modified":"2025-08-28T14:14:55","modified_gmt":"2025-08-28T11:14:55","slug":"kemalpasada-kacak-sigara-operasyonu-48-bin-420-makaron-ele-gecirildi","status":"publish","type":"post","link":"https:\/\/www.egemtv.com\/?p=51798","title":{"rendered":"Kemalpa\u015fa\u2019da ka\u00e7ak sigara operasyonu: 48 bin 420 makaron ele ge\u00e7irildi"},"content":{"rendered":"<p>\u0130zmir\u2019in Kemalpa\u015fa il\u00e7esinde, \u0130l\u00e7e Emniyet M\u00fcd\u00fcrl\u00fc\u011f\u00fc ekipleri taraf\u0131ndan ka\u00e7ak\u00e7\u0131l\u0131kla m\u00fccadele kapsam\u0131nda d\u00fczenlenen operasyonlarda \u00e7ok say\u0131da ka\u00e7ak \u00fcr\u00fcn ele ge\u00e7irildi.<br \/>\n<br \/>\u0130ki farkl\u0131 adrese e\u015f zamanl\u0131 d\u00fczenlenen bask\u0131nlarda, 28 bin 800 adet bandrols\u00fcz bo\u015f makaron, 20 bin 620 adet doldurulmu\u015f sigara ile 1 adet t\u00fct\u00fcn sar\u0131m makinesi ele ge\u00e7irildi.<br \/>\n<br \/>Operasyon kapsam\u0131nda M.Y. (46), S.\u00d6. (50), A.T. (20) ve Y.\u00c7. (31) isimli 4 \u015f\u00fcpheli hakk\u0131nda adli i\u015flem ba\u015flat\u0131ld\u0131.<br \/><\/p>\n","protected":false},"excerpt":{"rendered":"<p>\u0130zmir\u2019in Kemalpa\u015fa il\u00e7esinde, \u0130l\u00e7e Emniyet M\u00fcd\u00fcrl\u00fc\u011f\u00fc ekipleri taraf\u0131ndan ka\u00e7ak\u00e7\u0131l\u0131kla m\u00fccadele kapsam\u0131nda d\u00fczenlenen operasyonlarda \u00e7ok say\u0131da ka\u00e7ak \u00fcr\u00fcn ele ge\u00e7irildi. \u0130ki farkl\u0131 adrese e\u015f zamanl\u0131 d\u00fczenlenen bask\u0131nlarda, 28 bin 800 adet bandrols\u00fcz bo\u015f makaron, 20 bin 620 adet doldurulmu\u015f sigara ile 1 adet t\u00fct\u00fcn sar\u0131m makinesi ele ge\u00e7irildi. Operasyon kapsam\u0131nda M.Y. (46), S.\u00d6. (50), A.T. (20)&#8230;<\/p>\n","protected":false},"author":1,"featured_media":51799,"comment_status":"open","ping_status":"open","sticky":false,"template":"","format":"standard","meta":{"_crdt_document":"","footnotes":""},"categories":[5],"tags":[],"class_list":["post-51798","post","type-post","status-publish","format-standard","has-post-thumbnail","hentry","category-asayis"],"_links":{"self":[{"href":"https:\/\/www.egemtv.com\/index.php?rest_route=\/wp\/v2\/posts\/51798","targetHints":{"allow":["GET"]}}],"collection":[{"href":"https:\/\/www.egemtv.com\/index.php?rest_route=\/wp\/v2\/posts"}],"about":[{"href":"https:\/\/www.egemtv.com\/index.php?rest_route=\/wp\/v2\/types\/post"}],"author":[{"embeddable":true,"href":"https:\/\/www.egemtv.com\/index.php?rest_route=\/wp\/v2\/users\/1"}],"replies":[{"embeddable":true,"href":"https:\/\/www.egemtv.com\/index.php?rest_route=%2Fwp%2Fv2%2Fcomments&post=51798"}],"version-history":[{"count":1,"href":"https:\/\/www.egemtv.com\/index.php?rest_route=\/wp\/v2\/posts\/51798\/revisions"}],"predecessor-version":[{"id":51800,"href":"https:\/\/www.egemtv.com\/index.php?rest_route=\/wp\/v2\/posts\/51798\/revisions\/51800"}],"wp:featuredmedia":[{"embeddable":true,"href":"https:\/\/www.egemtv.com\/index.php?rest_route=\/wp\/v2\/media\/51799"}],"wp:attachment":[{"href":"https:\/\/www.egemtv.com\/index.php?rest_route=%2Fwp%2Fv2%2Fmedia&parent=51798"}],"wp:term":[{"taxonomy":"category","embeddable":true,"href":"https:\/\/www.egemtv.com\/index.php?rest_route=%2Fwp%2Fv2%2Fcategories&post=51798"},{"taxonomy":"post_tag","embeddable":true,"href":"https:\/\/www.egemtv.com\/index.php?rest_route=%2Fwp%2Fv2%2Ftags&post=51798"}],"curies":[{"name":"wp","href":"https:\/\/api.w.org\/{rel}","templated":true}]}}