{"id":51795,"date":"2025-08-28T14:14:54","date_gmt":"2025-08-28T11:14:54","guid":{"rendered":"https:\/\/www.egemtv.com\/?p=51795"},"modified":"2025-08-28T14:14:54","modified_gmt":"2025-08-28T11:14:54","slug":"orman-isletme-seflerinden-miniklere-doga-sevgisi-ve-bilgilendirme","status":"publish","type":"post","link":"https:\/\/www.egemtv.com\/?p=51795","title":{"rendered":"Orman i\u015fletme \u015feflerinden miniklere do\u011fa sevgisi ve bilgilendirme"},"content":{"rendered":"<p>K\u00fctahya Orman B\u00f6lge M\u00fcd\u00fcrl\u00fc\u011f\u00fc, Tav\u015fanl\u0131 Kuru\u00e7ay Beldesi\u2019nde d\u00fczenlenen etkinlikte minik \u00f6\u011frencilerle bulu\u015ftu.<br \/>\n<br \/>Kuru\u00e7ay\u2019daki bir Kur\u2019an kursunda ger\u00e7ekle\u015ftirilen programa Alabarda Orman \u0130\u015fletme \u015eefi ve i\u015fletme personeli kat\u0131ld\u0131. Etkinlikte \u00e7ocuklara orman yang\u0131nlar\u0131 hakk\u0131nda bilgilendirme yap\u0131l\u0131rken, do\u011fay\u0131 koruma bilincinin \u00f6nemine dikkat \u00e7ekildi.<br \/>\n<br \/>Orman yang\u0131nlar\u0131nda sadece a\u011fa\u00e7lar\u0131n de\u011fil, i\u00e7lerinde bar\u0131nan canl\u0131lar\u0131n da zarar g\u00f6rd\u00fc\u011f\u00fc anlat\u0131larak \u00f6\u011frencilere do\u011fa sevgisini peki\u015ftirmek amac\u0131yla ku\u015f yuvalar\u0131 hediye edildi.<br \/><\/p>\n","protected":false},"excerpt":{"rendered":"<p>K\u00fctahya Orman B\u00f6lge M\u00fcd\u00fcrl\u00fc\u011f\u00fc, Tav\u015fanl\u0131 Kuru\u00e7ay Beldesi\u2019nde d\u00fczenlenen etkinlikte minik \u00f6\u011frencilerle bulu\u015ftu. Kuru\u00e7ay\u2019daki bir Kur\u2019an kursunda ger\u00e7ekle\u015ftirilen programa Alabarda Orman \u0130\u015fletme \u015eefi ve i\u015fletme personeli kat\u0131ld\u0131. Etkinlikte \u00e7ocuklara orman yang\u0131nlar\u0131 hakk\u0131nda bilgilendirme yap\u0131l\u0131rken, do\u011fay\u0131 koruma bilincinin \u00f6nemine dikkat \u00e7ekildi. Orman yang\u0131nlar\u0131nda sadece a\u011fa\u00e7lar\u0131n de\u011fil, i\u00e7lerinde bar\u0131nan canl\u0131lar\u0131n da zarar g\u00f6rd\u00fc\u011f\u00fc anlat\u0131larak \u00f6\u011frencilere do\u011fa sevgisini peki\u015ftirmek&#8230;<\/p>\n","protected":false},"author":1,"featured_media":51796,"comment_status":"open","ping_status":"open","sticky":false,"template":"","format":"standard","meta":{"_crdt_document":"","footnotes":""},"categories":[1],"tags":[],"class_list":["post-51795","post","type-post","status-publish","format-standard","has-post-thumbnail","hentry","category-guncel"],"_links":{"self":[{"href":"https:\/\/www.egemtv.com\/index.php?rest_route=\/wp\/v2\/posts\/51795","targetHints":{"allow":["GET"]}}],"collection":[{"href":"https:\/\/www.egemtv.com\/index.php?rest_route=\/wp\/v2\/posts"}],"about":[{"href":"https:\/\/www.egemtv.com\/index.php?rest_route=\/wp\/v2\/types\/post"}],"author":[{"embeddable":true,"href":"https:\/\/www.egemtv.com\/index.php?rest_route=\/wp\/v2\/users\/1"}],"replies":[{"embeddable":true,"href":"https:\/\/www.egemtv.com\/index.php?rest_route=%2Fwp%2Fv2%2Fcomments&post=51795"}],"version-history":[{"count":1,"href":"https:\/\/www.egemtv.com\/index.php?rest_route=\/wp\/v2\/posts\/51795\/revisions"}],"predecessor-version":[{"id":51797,"href":"https:\/\/www.egemtv.com\/index.php?rest_route=\/wp\/v2\/posts\/51795\/revisions\/51797"}],"wp:featuredmedia":[{"embeddable":true,"href":"https:\/\/www.egemtv.com\/index.php?rest_route=\/wp\/v2\/media\/51796"}],"wp:attachment":[{"href":"https:\/\/www.egemtv.com\/index.php?rest_route=%2Fwp%2Fv2%2Fmedia&parent=51795"}],"wp:term":[{"taxonomy":"category","embeddable":true,"href":"https:\/\/www.egemtv.com\/index.php?rest_route=%2Fwp%2Fv2%2Fcategories&post=51795"},{"taxonomy":"post_tag","embeddable":true,"href":"https:\/\/www.egemtv.com\/index.php?rest_route=%2Fwp%2Fv2%2Ftags&post=51795"}],"curies":[{"name":"wp","href":"https:\/\/api.w.org\/{rel}","templated":true}]}}