{"id":51792,"date":"2025-08-28T14:14:53","date_gmt":"2025-08-28T11:14:53","guid":{"rendered":"https:\/\/www.egemtv.com\/?p=51792"},"modified":"2025-08-28T14:14:53","modified_gmt":"2025-08-28T11:14:53","slug":"kutahyada-orman-kadastro-calismalari-masaya-yatirildi","status":"publish","type":"post","link":"https:\/\/www.egemtv.com\/?p=51792","title":{"rendered":"K\u00fctahya\u2019da orman kadastro \u00e7al\u0131\u015fmalar\u0131 masaya yat\u0131r\u0131ld\u0131"},"content":{"rendered":"<p>K\u00fctahya Orman B\u00f6lge M\u00fcd\u00fcrl\u00fc\u011f\u00fcnde orman kadastro \u00e7al\u0131\u015fmalar\u0131 hakk\u0131nda de\u011ferlendirme toplant\u0131s\u0131 ger\u00e7ekle\u015ftirildi.<br \/>\n<br \/>Orman B\u00f6lge M\u00fcd\u00fcrl\u00fc\u011f\u00fc toplant\u0131 salonunda yap\u0131lan toplant\u0131da, Kadastro Daire Ba\u015fkan Yard\u0131mc\u0131s\u0131 Adnan Din\u00e7er ile Orman Kadastro Koordinat\u00f6r\u00fc Erg\u00fcn \u00c7etin ve B\u00f6lge M\u00fcd\u00fcr\u00fc Erdal Dingil K\u00fctahya\u2019daki kadastro \u00e7al\u0131\u015fmalar\u0131 hakk\u0131nda bilgi al\u0131\u015fveri\u015finde bulundu.<br \/>\n<br \/>Kadastro Daire Ba\u015fkan Yard\u0131mc\u0131s\u0131 Adnan Din\u00e7er, Orman Kadastro Koordinat\u00f6r\u00fc Erg\u00fcn \u00c7etin, B\u00f6lge M\u00fcd\u00fcr Yard\u0131mc\u0131s\u0131 Mehmet Karabacak, B\u00f6lge M\u00fcd\u00fcrl\u00fc\u011f\u00fc Kadastro ve M\u00fclkiyet \u015eube M\u00fcd\u00fcr\u00fc, 21 Nolu Orman Kadastro Ba\u015fm\u00fchendisli\u011finde g\u00f6revli personel ve i\u015fletme m\u00fcd\u00fcr yard\u0131mc\u0131lar\u0131n\u0131n kat\u0131ld\u0131\u011f\u0131 toplant\u0131da, orman kadastro, tescil, tahsis ve tapulu kesim konular\u0131nda kararlar al\u0131nd\u0131.<br \/><\/p>\n","protected":false},"excerpt":{"rendered":"<p>K\u00fctahya Orman B\u00f6lge M\u00fcd\u00fcrl\u00fc\u011f\u00fcnde orman kadastro \u00e7al\u0131\u015fmalar\u0131 hakk\u0131nda de\u011ferlendirme toplant\u0131s\u0131 ger\u00e7ekle\u015ftirildi. Orman B\u00f6lge M\u00fcd\u00fcrl\u00fc\u011f\u00fc toplant\u0131 salonunda yap\u0131lan toplant\u0131da, Kadastro Daire Ba\u015fkan Yard\u0131mc\u0131s\u0131 Adnan Din\u00e7er ile Orman Kadastro Koordinat\u00f6r\u00fc Erg\u00fcn \u00c7etin ve B\u00f6lge M\u00fcd\u00fcr\u00fc Erdal Dingil K\u00fctahya\u2019daki kadastro \u00e7al\u0131\u015fmalar\u0131 hakk\u0131nda bilgi al\u0131\u015fveri\u015finde bulundu. Kadastro Daire Ba\u015fkan Yard\u0131mc\u0131s\u0131 Adnan Din\u00e7er, Orman Kadastro Koordinat\u00f6r\u00fc Erg\u00fcn \u00c7etin, B\u00f6lge M\u00fcd\u00fcr&#8230;<\/p>\n","protected":false},"author":1,"featured_media":51793,"comment_status":"open","ping_status":"open","sticky":false,"template":"","format":"standard","meta":{"_crdt_document":"","footnotes":""},"categories":[1],"tags":[],"class_list":["post-51792","post","type-post","status-publish","format-standard","has-post-thumbnail","hentry","category-guncel"],"_links":{"self":[{"href":"https:\/\/www.egemtv.com\/index.php?rest_route=\/wp\/v2\/posts\/51792","targetHints":{"allow":["GET"]}}],"collection":[{"href":"https:\/\/www.egemtv.com\/index.php?rest_route=\/wp\/v2\/posts"}],"about":[{"href":"https:\/\/www.egemtv.com\/index.php?rest_route=\/wp\/v2\/types\/post"}],"author":[{"embeddable":true,"href":"https:\/\/www.egemtv.com\/index.php?rest_route=\/wp\/v2\/users\/1"}],"replies":[{"embeddable":true,"href":"https:\/\/www.egemtv.com\/index.php?rest_route=%2Fwp%2Fv2%2Fcomments&post=51792"}],"version-history":[{"count":1,"href":"https:\/\/www.egemtv.com\/index.php?rest_route=\/wp\/v2\/posts\/51792\/revisions"}],"predecessor-version":[{"id":51794,"href":"https:\/\/www.egemtv.com\/index.php?rest_route=\/wp\/v2\/posts\/51792\/revisions\/51794"}],"wp:featuredmedia":[{"embeddable":true,"href":"https:\/\/www.egemtv.com\/index.php?rest_route=\/wp\/v2\/media\/51793"}],"wp:attachment":[{"href":"https:\/\/www.egemtv.com\/index.php?rest_route=%2Fwp%2Fv2%2Fmedia&parent=51792"}],"wp:term":[{"taxonomy":"category","embeddable":true,"href":"https:\/\/www.egemtv.com\/index.php?rest_route=%2Fwp%2Fv2%2Fcategories&post=51792"},{"taxonomy":"post_tag","embeddable":true,"href":"https:\/\/www.egemtv.com\/index.php?rest_route=%2Fwp%2Fv2%2Ftags&post=51792"}],"curies":[{"name":"wp","href":"https:\/\/api.w.org\/{rel}","templated":true}]}}