{"id":51789,"date":"2025-08-28T14:14:52","date_gmt":"2025-08-28T11:14:52","guid":{"rendered":"https:\/\/www.egemtv.com\/?p=51789"},"modified":"2025-08-28T14:14:53","modified_gmt":"2025-08-28T11:14:53","slug":"milli-egitimden-ozel-okullara-agir-yaptirim-uyarisi","status":"publish","type":"post","link":"https:\/\/www.egemtv.com\/?p=51789","title":{"rendered":"Milli e\u011fitimden \u00f6zel okullara a\u011f\u0131r yapt\u0131r\u0131m uyar\u0131s\u0131"},"content":{"rendered":"<p>Yeni e\u011fitim-\u00f6\u011fretim sezonu \u00f6ncesi velilerin kitap \u00fccretlerine y\u00f6nelik \u015fikayetleri g\u00fcndeme gelirken, Manisa \u0130l Milli E\u011fitim M\u00fcd\u00fcr\u00fc Mehmet U\u011furelli, ders kitaplar\u0131 konusunda \u00f6nemli uyar\u0131larda bulundu. U\u011furelli, &#8220;Bakanl\u0131\u011f\u0131m\u0131z\u0131n haz\u0131rlad\u0131\u011f\u0131 \u00fccretsiz ders kitaplar\u0131 d\u0131\u015f\u0131nda farkl\u0131 materyallerin kullan\u0131lmas\u0131na izin verilmiyor. \u00d6zel okullar velilerini herhangi bir k\u0131rtasiyeye, kitap\u00e7\u0131ya ya da al\u0131\u015fveri\u015f sitesine y\u00f6nlendiremez. Ayk\u0131r\u0131 uygulamalarda kurumlar a\u011f\u0131r yapt\u0131r\u0131mlarla kar\u015f\u0131 kar\u015f\u0131ya kal\u0131r.&#8221; dedi.<br \/>\n<br \/>\u00dccretsiz da\u011f\u0131t\u0131lan ders kitaplar\u0131n\u0131n \u00f6\u011frencilerin kazan\u0131mlar\u0131nda temel kaynak oldu\u011funu vurgulayan \u0130l M\u00fcd\u00fcr\u00fc U\u011furelli, &#8220;Kitaplar\u0131m\u0131z dijital altyap\u0131yla desteklenen, etkinlik ve farkl\u0131la\u015ft\u0131rma unsurlar\u0131yla zenginle\u015ftirilmi\u015f nitelikli kaynaklard\u0131r. Bu nedenle hem devlet hem de \u00f6zel okullarda tek ge\u00e7erli kaynak bakanl\u0131\u011f\u0131m\u0131z\u0131n haz\u0131rlad\u0131\u011f\u0131 ders kitaplar\u0131d\u0131r.&#8221; diye konu\u015ftu.<\/p>\n<p>&#8220;Kay\u0131tlar otomatik, kitaplar \u00fccretsiz&#8221;<br \/>\n<br \/>Okullarda kay\u0131t i\u015flemlerinin e-Okul sistemi \u00fczerinden adrese dayal\u0131 olarak otomatik yap\u0131ld\u0131\u011f\u0131n\u0131 belirten U\u011furelli, &#8220;Velilerimizin kay\u0131t i\u00e7in herhangi bir i\u015flem yapmas\u0131na gerek yoktur. Ders kitaplar\u0131 da t\u00fcm \u00f6\u011frencilerimize \u00fccretsiz ula\u015ft\u0131r\u0131lmaktad\u0131r. Dolay\u0131s\u0131yla \u2018kay\u0131t paras\u0131\u2019 ya da \u2018kitap paras\u0131\u2019 ad\u0131 alt\u0131nda herhangi bir uygulama s\u00f6z konusu de\u011fildir&#8221; ifadelerini kulland\u0131.<\/p>\n<p>&#8220;Standart k\u0131yafet uygulamas\u0131 ba\u015flad\u0131&#8221;<br \/>\n<br \/>Serbest k\u0131yafet d\u00f6neminin sona erdi\u011fini hat\u0131rlatan U\u011furelli, bu y\u0131l t\u00fcm okullar i\u00e7in uygun fiyatl\u0131 ve kolay ula\u015f\u0131labilir standart k\u0131yafetlerin belirlendi\u011fini, velilerin \u00f6zel k\u0131yafet ya da arma zorunlulu\u011fu ile maddi y\u00fck alt\u0131na girmeyece\u011fini s\u00f6yledi.<\/p>\n<p>&#8220;Velilerin haklar\u0131 g\u00fcvence alt\u0131nda&#8221;<br \/>\n<br \/>\u00d6zel okullar\u0131n da Bakanl\u0131k kurallar\u0131na tabi oldu\u011funu hat\u0131rlatan \u0130l M\u00fcd\u00fcr\u00fc U\u011furelli, &#8220;\u00d6zel okullar\u0131m\u0131z, Milli E\u011fitim Bakanl\u0131\u011f\u0131\u2019n\u0131n belirledi\u011fi kurallara tabidir. Bu \u00e7er\u00e7evede ders kitaplar\u0131 bakanl\u0131\u011f\u0131m\u0131z taraf\u0131ndan \u00fccretsiz olarak t\u00fcm \u00f6\u011frencilere ula\u015ft\u0131r\u0131lmakta, bu ad alt\u0131nda velilerden hi\u00e7bir \u00fccret talep edilememektedir. Ayr\u0131ca \u00f6zel okullar\u0131n alaca\u011f\u0131 t\u00fcm \u00fccretler, y\u0131ll\u0131k \u00fccret tarifesi ve veli s\u00f6zle\u015fmesi \u00fczerinden \u015feffaf bi\u00e7imde ilan edilmek zorundad\u0131r. E\u011fitim, servis ve yemek \u00fccretleri s\u00f6zle\u015fmede a\u00e7\u0131k\u00e7a yer almakta; s\u00f6zle\u015fmede bulunmayan herhangi bir kalem i\u00e7in velilerimizden ayr\u0131ca bir bedel talep edilmesi m\u00fcmk\u00fcn de\u011fildir. Velilerimizin haklar\u0131n\u0131n korunmas\u0131 i\u00e7in gerekli denetimler d\u00fczenli olarak yap\u0131lmakta, \u015fikayetler titizlikle incelenmektedir. Bu konuda velilerimizin bilin\u00e7li ve duyarl\u0131 olmalar\u0131n\u0131 \u00f6zellikle \u00f6nemsiyoruz&#8221; dedi.<br \/>\n<br \/>Denetimlerin aral\u0131ks\u0131z s\u00fcrd\u00fc\u011f\u00fcn\u00fc vurgulayan U\u011furelli, &#8220;\u00d6zel okul ve kurumlar\u0131m\u0131z, 5580 say\u0131l\u0131 kanun \u00e7er\u00e7evesinde d\u00fczenli olarak denetlenmektedir. E\u011fitimde kaliteyi y\u00fckseltmek, \u00f6\u011frencilerimizin haklar\u0131n\u0131 korumak ve s\u00fcrece g\u00fcven katmak amac\u0131yla bu denetimler kararl\u0131l\u0131kla devam etmektedir.&#8221; diye konu\u015ftu.<br \/><\/p>\n","protected":false},"excerpt":{"rendered":"<p>Yeni e\u011fitim-\u00f6\u011fretim sezonu \u00f6ncesi velilerin kitap \u00fccretlerine y\u00f6nelik \u015fikayetleri g\u00fcndeme gelirken, Manisa \u0130l Milli E\u011fitim M\u00fcd\u00fcr\u00fc Mehmet U\u011furelli, ders kitaplar\u0131 konusunda \u00f6nemli uyar\u0131larda bulundu. U\u011furelli, &#8220;Bakanl\u0131\u011f\u0131m\u0131z\u0131n haz\u0131rlad\u0131\u011f\u0131 \u00fccretsiz ders kitaplar\u0131 d\u0131\u015f\u0131nda farkl\u0131 materyallerin kullan\u0131lmas\u0131na izin verilmiyor. \u00d6zel okullar velilerini herhangi bir k\u0131rtasiyeye, kitap\u00e7\u0131ya ya da al\u0131\u015fveri\u015f sitesine y\u00f6nlendiremez. Ayk\u0131r\u0131 uygulamalarda kurumlar a\u011f\u0131r yapt\u0131r\u0131mlarla kar\u015f\u0131 kar\u015f\u0131ya&#8230;<\/p>\n","protected":false},"author":1,"featured_media":51790,"comment_status":"open","ping_status":"open","sticky":false,"template":"","format":"standard","meta":{"_crdt_document":"","footnotes":""},"categories":[1],"tags":[],"class_list":["post-51789","post","type-post","status-publish","format-standard","has-post-thumbnail","hentry","category-guncel"],"_links":{"self":[{"href":"https:\/\/www.egemtv.com\/index.php?rest_route=\/wp\/v2\/posts\/51789","targetHints":{"allow":["GET"]}}],"collection":[{"href":"https:\/\/www.egemtv.com\/index.php?rest_route=\/wp\/v2\/posts"}],"about":[{"href":"https:\/\/www.egemtv.com\/index.php?rest_route=\/wp\/v2\/types\/post"}],"author":[{"embeddable":true,"href":"https:\/\/www.egemtv.com\/index.php?rest_route=\/wp\/v2\/users\/1"}],"replies":[{"embeddable":true,"href":"https:\/\/www.egemtv.com\/index.php?rest_route=%2Fwp%2Fv2%2Fcomments&post=51789"}],"version-history":[{"count":1,"href":"https:\/\/www.egemtv.com\/index.php?rest_route=\/wp\/v2\/posts\/51789\/revisions"}],"predecessor-version":[{"id":51791,"href":"https:\/\/www.egemtv.com\/index.php?rest_route=\/wp\/v2\/posts\/51789\/revisions\/51791"}],"wp:featuredmedia":[{"embeddable":true,"href":"https:\/\/www.egemtv.com\/index.php?rest_route=\/wp\/v2\/media\/51790"}],"wp:attachment":[{"href":"https:\/\/www.egemtv.com\/index.php?rest_route=%2Fwp%2Fv2%2Fmedia&parent=51789"}],"wp:term":[{"taxonomy":"category","embeddable":true,"href":"https:\/\/www.egemtv.com\/index.php?rest_route=%2Fwp%2Fv2%2Fcategories&post=51789"},{"taxonomy":"post_tag","embeddable":true,"href":"https:\/\/www.egemtv.com\/index.php?rest_route=%2Fwp%2Fv2%2Ftags&post=51789"}],"curies":[{"name":"wp","href":"https:\/\/api.w.org\/{rel}","templated":true}]}}