{"id":51786,"date":"2025-08-28T14:14:51","date_gmt":"2025-08-28T11:14:51","guid":{"rendered":"https:\/\/www.egemtv.com\/?p=51786"},"modified":"2025-08-28T14:14:52","modified_gmt":"2025-08-28T11:14:52","slug":"mensure-teyzenin-calisma-azmi-gorenleri-sasirtiyor","status":"publish","type":"post","link":"https:\/\/www.egemtv.com\/?p=51786","title":{"rendered":"Mensure Teyze\u2019nin \u00e7al\u0131\u015fma azmi g\u00f6renleri \u015fa\u015f\u0131rt\u0131yor"},"content":{"rendered":"<p>Ayd\u0131n Efeler il\u00e7esinde ya\u015fayan 84 ya\u015f\u0131ndaki Mensure Toylan, ilerleyen ya\u015f\u0131na ra\u011fmen halen kendi ekme\u011fini kendi kazanmaya \u00e7al\u0131\u015f\u0131yor. Bug\u00fcn pek \u00e7ok ki\u015finin \u00e7al\u0131\u015fmaktan imtina etti\u011fini oysa \u00e7al\u0131\u015f\u0131p kazanman\u0131n hayattaki en b\u00fcy\u00fck nimetlerden biri oldu\u011funu belirten ya\u015fl\u0131 kad\u0131n, 84 y\u0131ll\u0131k \u00f6mr\u00fcnde hep \u00e7al\u0131\u015ft\u0131\u011f\u0131n\u0131 ve sa\u011fl\u0131\u011f\u0131n\u0131 da \u00e7al\u0131\u015fmaya bor\u00e7lu oldu\u011funu s\u00f6yledi.<\/p>\n<p>Ayd\u0131n Efeler \u0130l\u00e7e merkezinde bulunan SGK ve Kad\u0131n Do\u011fum ve \u00c7ocuk hastanesi \u00f6n\u00fcnde seyyar sat\u0131c\u0131l\u0131k yapan Mensure Toylan, kendi yapt\u0131\u011f\u0131 hamur i\u015flerini yap\u0131p satarak kimseye muhta\u00e7 olmadan hayat\u0131n\u0131 idame ettirmeye \u00e7al\u0131\u015f\u0131yor. E\u015finden kalma emekli ayl\u0131\u011f\u0131 oldu\u011funu ancak buna ra\u011fmen bo\u015f durmay\u0131p \u00e7al\u0131\u015ft\u0131\u011f\u0131n\u0131 belirten ya\u015fl\u0131 kad\u0131n, g\u00fcn\u00fcm\u00fcz gen\u00e7li\u011finin en b\u00fcy\u00fck s\u0131k\u0131nt\u0131s\u0131n\u0131n \u2018\u00fcretmenden t\u00fcketmek\u2019 oldu\u011funu s\u00f6yledi.<\/p>\n<p>Ak\u015fehir\u2019de do\u011fup b\u00fcy\u00fcd\u00fc\u011f\u00fcn\u00fc ve anne-babas\u0131n\u0131 kaybedince 1979 y\u0131l\u0131nda o d\u00f6nem Ayd\u0131n\u2019da memur olan abisinin yan\u0131na geldi\u011fini belirten Mensure  Toylan, &#8220;\u00c7ocuklu\u011fumda b\u00fcy\u00fcklerimden hamur i\u015flerini \u00f6\u011frenmi\u015ftim. Bizim \u00e7ocuklu\u011fumuzda her k\u0131z yufka a\u00e7ar b\u00f6rek, \u00e7\u00f6rek yapmas\u0131n\u0131 bilirdi. 1988 y\u0131l\u0131nda evlendim. Evlili\u011fim s\u00fcresince terzilik yaparak aile ekonomisine katk\u0131 sa\u011flamaya \u00e7al\u0131\u015ft\u0131m. E\u015fim 2017 y\u0131l\u0131nda vefat edince emekli maa\u015f\u0131 bana kald\u0131. Ancak ben hayat m\u00fccadelesine b\u0131rakmad\u0131m. Terzilik i\u015fi fabrikasyon \u00fcretime d\u00f6n\u00fcnce yufka a\u00e7\u0131p b\u00f6rek \u00e7\u00f6rek yaparak satmaya ba\u015flad\u0131m. Kimseden bir \u015fey istemiyorum. Sa\u011fl\u0131\u011f\u0131m elverdik\u00e7e kendi \u00e7ap\u0131mda \u00e7al\u0131\u015f\u0131p \u00fcretmeye devam etmek istiyorum. Sa\u011fl\u0131kl\u0131 olan herkesin de sadece kazan\u00e7 i\u00e7in de\u011fil sa\u011fl\u0131\u011f\u0131n\u0131 korumas\u0131 i\u00e7in \u00e7al\u0131\u015fmas\u0131n\u0131 tavsiye ediyorum&#8221; dedi.<br \/><\/p>\n","protected":false},"excerpt":{"rendered":"<p>Ayd\u0131n Efeler il\u00e7esinde ya\u015fayan 84 ya\u015f\u0131ndaki Mensure Toylan, ilerleyen ya\u015f\u0131na ra\u011fmen halen kendi ekme\u011fini kendi kazanmaya \u00e7al\u0131\u015f\u0131yor. Bug\u00fcn pek \u00e7ok ki\u015finin \u00e7al\u0131\u015fmaktan imtina etti\u011fini oysa \u00e7al\u0131\u015f\u0131p kazanman\u0131n hayattaki en b\u00fcy\u00fck nimetlerden biri oldu\u011funu belirten ya\u015fl\u0131 kad\u0131n, 84 y\u0131ll\u0131k \u00f6mr\u00fcnde hep \u00e7al\u0131\u015ft\u0131\u011f\u0131n\u0131 ve sa\u011fl\u0131\u011f\u0131n\u0131 da \u00e7al\u0131\u015fmaya bor\u00e7lu oldu\u011funu s\u00f6yledi. Ayd\u0131n Efeler \u0130l\u00e7e merkezinde bulunan SGK ve&#8230;<\/p>\n","protected":false},"author":1,"featured_media":51787,"comment_status":"open","ping_status":"open","sticky":false,"template":"","format":"standard","meta":{"_crdt_document":"","footnotes":""},"categories":[123],"tags":[],"class_list":["post-51786","post","type-post","status-publish","format-standard","has-post-thumbnail","hentry","category-gundem"],"_links":{"self":[{"href":"https:\/\/www.egemtv.com\/index.php?rest_route=\/wp\/v2\/posts\/51786","targetHints":{"allow":["GET"]}}],"collection":[{"href":"https:\/\/www.egemtv.com\/index.php?rest_route=\/wp\/v2\/posts"}],"about":[{"href":"https:\/\/www.egemtv.com\/index.php?rest_route=\/wp\/v2\/types\/post"}],"author":[{"embeddable":true,"href":"https:\/\/www.egemtv.com\/index.php?rest_route=\/wp\/v2\/users\/1"}],"replies":[{"embeddable":true,"href":"https:\/\/www.egemtv.com\/index.php?rest_route=%2Fwp%2Fv2%2Fcomments&post=51786"}],"version-history":[{"count":1,"href":"https:\/\/www.egemtv.com\/index.php?rest_route=\/wp\/v2\/posts\/51786\/revisions"}],"predecessor-version":[{"id":51788,"href":"https:\/\/www.egemtv.com\/index.php?rest_route=\/wp\/v2\/posts\/51786\/revisions\/51788"}],"wp:featuredmedia":[{"embeddable":true,"href":"https:\/\/www.egemtv.com\/index.php?rest_route=\/wp\/v2\/media\/51787"}],"wp:attachment":[{"href":"https:\/\/www.egemtv.com\/index.php?rest_route=%2Fwp%2Fv2%2Fmedia&parent=51786"}],"wp:term":[{"taxonomy":"category","embeddable":true,"href":"https:\/\/www.egemtv.com\/index.php?rest_route=%2Fwp%2Fv2%2Fcategories&post=51786"},{"taxonomy":"post_tag","embeddable":true,"href":"https:\/\/www.egemtv.com\/index.php?rest_route=%2Fwp%2Fv2%2Ftags&post=51786"}],"curies":[{"name":"wp","href":"https:\/\/api.w.org\/{rel}","templated":true}]}}