{"id":51783,"date":"2025-08-28T13:55:40","date_gmt":"2025-08-28T10:55:40","guid":{"rendered":"https:\/\/www.egemtv.com\/?p=51783"},"modified":"2025-08-28T13:55:41","modified_gmt":"2025-08-28T10:55:41","slug":"aydindaki-kazanin-goruntuleri-kameraya-yansidi","status":"publish","type":"post","link":"https:\/\/www.egemtv.com\/?p=51783","title":{"rendered":"Ayd\u0131n\u2019daki kazan\u0131n g\u00f6r\u00fcnt\u00fcleri kameraya yans\u0131d\u0131"},"content":{"rendered":"<p>Ayd\u0131n\u2019\u0131n Efeler il\u00e7esinde ani fren yapan araca \u00e7arpmamak i\u00e7in manevra yapan otomobil ref\u00fcje \u00e7\u0131karak takla att\u0131. 2 ki\u015finin yaraland\u0131\u011f\u0131 kazan\u0131n g\u00f6r\u00fcnt\u00fcleri ise KGYS kameralar\u0131 taraf\u0131ndan anbean kaydedildi.<\/p>\n<p>Kaza, 27 A\u011fustos \u00c7ar\u015famba g\u00fcn\u00fc saat 10.30 s\u0131ralar\u0131nda \u0130zmir Bulvar\u0131 \u00fczerindeki Bay\u0131nd\u0131rl\u0131k Kav\u015fa\u011f\u0131\u2019nda meydana geldi. Edinilen bilgiye g\u00f6re, B.\u00c7. idaresindeki 09 HN 712 plakal\u0131 otomobil, \u00f6n\u00fcnde aniden duran araca \u00e7arpmamak i\u00e7in manevra yapt\u0131. S\u00fcr\u00fcc\u00fcn\u00fcn direksiyon hakimiyetini kaybetmesi sonucu ara\u00e7 ref\u00fcje \u00e7\u0131karak trafik \u0131\u015f\u0131\u011f\u0131 dire\u011fine \u00e7arparak takla att\u0131. Kazada s\u00fcr\u00fcc\u00fc B.\u00c7. ile yolcu olarak bulunan E.\u00c7. yaraland\u0131. \u0130hbar \u00fczerine olay yerine polis, sa\u011fl\u0131k ve itfaiye ekipleri sevk edildi. Yaral\u0131lar olay yerindeki ilk m\u00fcdahalelerinin ard\u0131ndan ambulansla hastaneye kald\u0131r\u0131ld\u0131. Hastanede tedavi alt\u0131na al\u0131nan yaral\u0131lar\u0131n sa\u011fl\u0131k durumlar\u0131n\u0131n iyi oldu\u011fu \u00f6\u011frenildi.<\/p>\n<p>Kaza anbean kaydedildi<br \/>\n<br \/>Ya\u015fanan kaza Kent G\u00fcvenlik Y\u00f6netim Sistemi (KGYS) kameralar\u0131 taraf\u0131ndan anbean kaydedildi. G\u00f6r\u00fcnt\u00fclerde seyir halindeki arac\u0131n ani fren yapmas\u0131 ve arkas\u0131ndan gelen arac\u0131n manevra yaparak ref\u00fcje \u00e7\u0131k\u0131p sinyalizasyon dire\u011fine \u00e7arparak takla atmas\u0131 yer ald\u0131.<br \/><\/p>\n","protected":false},"excerpt":{"rendered":"<p>Ayd\u0131n\u2019\u0131n Efeler il\u00e7esinde ani fren yapan araca \u00e7arpmamak i\u00e7in manevra yapan otomobil ref\u00fcje \u00e7\u0131karak takla att\u0131. 2 ki\u015finin yaraland\u0131\u011f\u0131 kazan\u0131n g\u00f6r\u00fcnt\u00fcleri ise KGYS kameralar\u0131 taraf\u0131ndan anbean kaydedildi. Kaza, 27 A\u011fustos \u00c7ar\u015famba g\u00fcn\u00fc saat 10.30 s\u0131ralar\u0131nda \u0130zmir Bulvar\u0131 \u00fczerindeki Bay\u0131nd\u0131rl\u0131k Kav\u015fa\u011f\u0131\u2019nda meydana geldi. Edinilen bilgiye g\u00f6re, B.\u00c7. idaresindeki 09 HN 712 plakal\u0131 otomobil, \u00f6n\u00fcnde aniden duran&#8230;<\/p>\n","protected":false},"author":1,"featured_media":51784,"comment_status":"open","ping_status":"open","sticky":false,"template":"","format":"standard","meta":{"_crdt_document":"","footnotes":""},"categories":[5],"tags":[],"class_list":["post-51783","post","type-post","status-publish","format-standard","has-post-thumbnail","hentry","category-asayis"],"_links":{"self":[{"href":"https:\/\/www.egemtv.com\/index.php?rest_route=\/wp\/v2\/posts\/51783","targetHints":{"allow":["GET"]}}],"collection":[{"href":"https:\/\/www.egemtv.com\/index.php?rest_route=\/wp\/v2\/posts"}],"about":[{"href":"https:\/\/www.egemtv.com\/index.php?rest_route=\/wp\/v2\/types\/post"}],"author":[{"embeddable":true,"href":"https:\/\/www.egemtv.com\/index.php?rest_route=\/wp\/v2\/users\/1"}],"replies":[{"embeddable":true,"href":"https:\/\/www.egemtv.com\/index.php?rest_route=%2Fwp%2Fv2%2Fcomments&post=51783"}],"version-history":[{"count":1,"href":"https:\/\/www.egemtv.com\/index.php?rest_route=\/wp\/v2\/posts\/51783\/revisions"}],"predecessor-version":[{"id":51785,"href":"https:\/\/www.egemtv.com\/index.php?rest_route=\/wp\/v2\/posts\/51783\/revisions\/51785"}],"wp:featuredmedia":[{"embeddable":true,"href":"https:\/\/www.egemtv.com\/index.php?rest_route=\/wp\/v2\/media\/51784"}],"wp:attachment":[{"href":"https:\/\/www.egemtv.com\/index.php?rest_route=%2Fwp%2Fv2%2Fmedia&parent=51783"}],"wp:term":[{"taxonomy":"category","embeddable":true,"href":"https:\/\/www.egemtv.com\/index.php?rest_route=%2Fwp%2Fv2%2Fcategories&post=51783"},{"taxonomy":"post_tag","embeddable":true,"href":"https:\/\/www.egemtv.com\/index.php?rest_route=%2Fwp%2Fv2%2Ftags&post=51783"}],"curies":[{"name":"wp","href":"https:\/\/api.w.org\/{rel}","templated":true}]}}