{"id":51780,"date":"2025-08-28T13:55:38","date_gmt":"2025-08-28T10:55:38","guid":{"rendered":"https:\/\/www.egemtv.com\/?p=51780"},"modified":"2025-08-28T13:55:40","modified_gmt":"2025-08-28T10:55:40","slug":"evrima-yeniden-bodruma-geldi","status":"publish","type":"post","link":"https:\/\/www.egemtv.com\/?p=51780","title":{"rendered":"Evrima, yeniden Bodrum\u2019a geldi"},"content":{"rendered":"<p>190 metre boyundaki l\u00fcks yolcu gemisi &#8220;Evrima&#8221; 279 yolcuyla Bodrum\u2019a geldi.<br \/>\n<br \/>2022 y\u0131l\u0131nda in\u015fa edilen 190 metre boyunda 24 metre geni\u015fli\u011findeki l\u00fcks yolcu gemisi &#8220;Evrima&#8221; sabah saatlerinde Rodos Liman\u0131\u2019ndan Bodrum\u2019a geldi. Gemi Yana\u015fma \u0130skelesi\u2019ne yana\u015ft\u0131r\u0131lan Malta bayrakl\u0131 gemide a\u011f\u0131rl\u0131kl\u0131 olarak Amerikal\u0131 olmak \u00fczere toplam 279 yolcu, 259 personel bulunuyor. Gemi, ak\u015fam saatlerinde Santorini Liman\u0131\u2019na hareket edecek.<br \/><\/p>\n","protected":false},"excerpt":{"rendered":"<p>190 metre boyundaki l\u00fcks yolcu gemisi &#8220;Evrima&#8221; 279 yolcuyla Bodrum\u2019a geldi. 2022 y\u0131l\u0131nda in\u015fa edilen 190 metre boyunda 24 metre geni\u015fli\u011findeki l\u00fcks yolcu gemisi &#8220;Evrima&#8221; sabah saatlerinde Rodos Liman\u0131\u2019ndan Bodrum\u2019a geldi. Gemi Yana\u015fma \u0130skelesi\u2019ne yana\u015ft\u0131r\u0131lan Malta bayrakl\u0131 gemide a\u011f\u0131rl\u0131kl\u0131 olarak Amerikal\u0131 olmak \u00fczere toplam 279 yolcu, 259 personel bulunuyor. Gemi, ak\u015fam saatlerinde Santorini Liman\u0131\u2019na hareket&#8230;<\/p>\n","protected":false},"author":1,"featured_media":51781,"comment_status":"open","ping_status":"open","sticky":false,"template":"","format":"standard","meta":{"_crdt_document":"","footnotes":""},"categories":[125],"tags":[],"class_list":["post-51780","post","type-post","status-publish","format-standard","has-post-thumbnail","hentry","category-ekonomi"],"_links":{"self":[{"href":"https:\/\/www.egemtv.com\/index.php?rest_route=\/wp\/v2\/posts\/51780","targetHints":{"allow":["GET"]}}],"collection":[{"href":"https:\/\/www.egemtv.com\/index.php?rest_route=\/wp\/v2\/posts"}],"about":[{"href":"https:\/\/www.egemtv.com\/index.php?rest_route=\/wp\/v2\/types\/post"}],"author":[{"embeddable":true,"href":"https:\/\/www.egemtv.com\/index.php?rest_route=\/wp\/v2\/users\/1"}],"replies":[{"embeddable":true,"href":"https:\/\/www.egemtv.com\/index.php?rest_route=%2Fwp%2Fv2%2Fcomments&post=51780"}],"version-history":[{"count":1,"href":"https:\/\/www.egemtv.com\/index.php?rest_route=\/wp\/v2\/posts\/51780\/revisions"}],"predecessor-version":[{"id":51782,"href":"https:\/\/www.egemtv.com\/index.php?rest_route=\/wp\/v2\/posts\/51780\/revisions\/51782"}],"wp:featuredmedia":[{"embeddable":true,"href":"https:\/\/www.egemtv.com\/index.php?rest_route=\/wp\/v2\/media\/51781"}],"wp:attachment":[{"href":"https:\/\/www.egemtv.com\/index.php?rest_route=%2Fwp%2Fv2%2Fmedia&parent=51780"}],"wp:term":[{"taxonomy":"category","embeddable":true,"href":"https:\/\/www.egemtv.com\/index.php?rest_route=%2Fwp%2Fv2%2Fcategories&post=51780"},{"taxonomy":"post_tag","embeddable":true,"href":"https:\/\/www.egemtv.com\/index.php?rest_route=%2Fwp%2Fv2%2Ftags&post=51780"}],"curies":[{"name":"wp","href":"https:\/\/api.w.org\/{rel}","templated":true}]}}