{"id":51777,"date":"2025-08-28T13:55:37","date_gmt":"2025-08-28T10:55:37","guid":{"rendered":"https:\/\/www.egemtv.com\/?p=51777"},"modified":"2025-08-28T13:55:38","modified_gmt":"2025-08-28T10:55:38","slug":"aykonut-magdurlari-mucadeleyi-birakmadik","status":"publish","type":"post","link":"https:\/\/www.egemtv.com\/?p=51777","title":{"rendered":"AYKONUT ma\u011fdurlar\u0131: &#8220;M\u00fccadeleyi b\u0131rakmad\u0131k&#8221;"},"content":{"rendered":"<p>Ayd\u0131n\u2019da 1997 y\u0131l\u0131nda dar gelirli vatanda\u015flar\u0131 ev sahibi yapmak amac\u0131yla d\u00f6nemin Ayd\u0131n Belediye Ba\u015fkan\u0131 H\u00fcseyin Aksu \u00f6nc\u00fcl\u00fc\u011f\u00fcnde kurulan AYKONUT Yap\u0131 Kooperatifi ilin \u00f6nemli sorunlar\u0131ndan biri haline gelirken AYKONUT ma\u011fdurlar\u0131, &#8220;Sonuna kadar devam edece\u011fiz, m\u00fccadeleyi b\u0131rakmad\u0131k&#8221; ifadelerini kullanarak haklar\u0131n\u0131 sonuna kadar arayacaklar\u0131n\u0131 ifade etti.<\/p>\n<p>1997 y\u0131l\u0131nda kurulan ve 2017 y\u0131l\u0131nda Yavuzlar \u0130n\u015faat\u0131n devrald\u0131\u011f\u0131 550 ortakl\u0131 kooperatifte ma\u011fdur say\u0131s\u0131n\u0131n her ge\u00e7en g\u00fcn katlanarak artt\u0131\u011f\u0131 bildirildi. Kooperatif kuruldu\u011funda 40-50 ya\u015f\u0131nda olan pek \u00e7ok hak sahibinin bug\u00fcn 70-80 ya\u015f\u0131na geldi\u011fi i\u00e7in \u00f6mr\u00fcn\u00fcn ev sahibi olmaya yetmedi\u011fi \u00f6\u011frenildi. Hak sahiplerinin \u00f6nemli bir k\u0131sm\u0131n\u0131n \u00f6l\u00fcp hakk\u0131n miras\u00e7\u0131lara devredilmesi nedeniyle ma\u011fdur say\u0131s\u0131n\u0131n 10 bini a\u015ft\u0131\u011f\u0131 belirtildi. Kooperatifi 20 Kas\u0131m 2017 tarihinde g\u00f6rkemli bir t\u00f6renle devralan Yavuzlar \u0130n\u015faat\u2019\u0131n Y\u00f6netim Kurulu \u00fcyeleri hak sahiplerine evlerini en ge\u00e7 2021 y\u0131l\u0131n\u0131n A\u011fustos ay\u0131nda teslim edece\u011fine dair s\u00f6z vermi\u015fti.<\/p>\n<p>Aradan ge\u00e7en yakla\u015f\u0131k 8 y\u0131ll\u0131k s\u00fcrede kooperatiften plan \u00fczerine daire sat\u0131\u015f\u0131 yapmas\u0131na ra\u011fmen Yavuzlar \u0130n\u015faat da bir \u00e7ivi bile \u00e7akmad\u0131. Kurulu\u015funun \u00fczerinden yakla\u015f\u0131k 30 y\u0131l ge\u00e7mesine ra\u011fmen ev sahibi olaca\u011f\u0131na dert sahibi olan hak sahipleri Yavuzlar \u0130n\u015faat\u2019\u0131n da s\u00f6z\u00fcnde durmad\u0131\u011f\u0131n\u0131 belirttiler. Zaman\u0131nda kendi m\u00fcstakil evlerini verip \u00e7eyrek as\u0131rdan bu yana daire sahibi olma hayali kuran ortaklar\u0131n b\u00fcy\u00fck bir k\u0131sm\u0131 hayat\u0131n\u0131 kaybederken hayatta kalan \u00e7ok az say\u0131daki hak sahibi de haklar\u0131n\u0131 helal etmediklerini belirttiler. Konuyla ilgili Yavuzlar \u0130n\u015faat Y\u00f6netim Kurulu herhangi bir a\u00e7\u0131klama yapmazken Efeler \u0130l\u00e7esi G\u00fczelhisar Mahallesi\u2019nde \u015fehrin en de\u011ferli yerlerinden biri olan yakla\u015f\u0131k 50 d\u00f6n\u00fcm alan tam 30 y\u0131ld\u0131r de\u011ferlendirilece\u011fi g\u00fcn\u00fc bekliyor.<\/p>\n<p>&#8220;Haklar\u0131m\u0131z\u0131 alana kadar m\u00fccadelemiz s\u00fcrecek&#8221;<br \/>\n<br \/>AY-KONUT Yap\u0131 Kooperatifi Kaynak Konutlar\u0131 Ger\u00e7ek Mal Sahipleri Dayan\u0131\u015fma Derne\u011fi Ba\u015fkan\u0131 Meral U\u011fur yapt\u0131\u011f\u0131 a\u00e7\u0131klamada, &#8220;Ayd\u0131n AYKONUT Yap\u0131 Kooperatifi ger\u00e7ek hak sahipleri derne\u011fi olarak davalar\u0131m\u0131z devam ediyor. 103 dosya dava var, binlerce ma\u011fdur do\u011fru tespit. Davam\u0131zdan vazge\u00e7medik. Fakir fukaran\u0131n helal haklar\u0131n\u0131n \u00fczerindeki elleri k\u0131raca\u011f\u0131z. Allah\u2019\u0131n izni ve hukukun \u00fcst\u00fcnl\u00fc\u011f\u00fcnde bug\u00fcne kadar a\u00e7\u0131lan davalar\u0131 kazand\u0131k. Sonuna kadar devam edece\u011fiz. AYKONUT y\u00f6netimine miras de\u011fil oras\u0131, mal sahiplerinin helal haklar\u0131. Bizler gitsek, evlatlar\u0131m\u0131z pe\u015finde alana kadar m\u00fccadeleye devam&#8221; ifadelerini kulland\u0131.<br \/><\/p>\n","protected":false},"excerpt":{"rendered":"<p>Ayd\u0131n\u2019da 1997 y\u0131l\u0131nda dar gelirli vatanda\u015flar\u0131 ev sahibi yapmak amac\u0131yla d\u00f6nemin Ayd\u0131n Belediye Ba\u015fkan\u0131 H\u00fcseyin Aksu \u00f6nc\u00fcl\u00fc\u011f\u00fcnde kurulan AYKONUT Yap\u0131 Kooperatifi ilin \u00f6nemli sorunlar\u0131ndan biri haline gelirken AYKONUT ma\u011fdurlar\u0131, &#8220;Sonuna kadar devam edece\u011fiz, m\u00fccadeleyi b\u0131rakmad\u0131k&#8221; ifadelerini kullanarak haklar\u0131n\u0131 sonuna kadar arayacaklar\u0131n\u0131 ifade etti. 1997 y\u0131l\u0131nda kurulan ve 2017 y\u0131l\u0131nda Yavuzlar \u0130n\u015faat\u0131n devrald\u0131\u011f\u0131 550 ortakl\u0131 kooperatifte&#8230;<\/p>\n","protected":false},"author":1,"featured_media":51778,"comment_status":"open","ping_status":"open","sticky":false,"template":"","format":"standard","meta":{"_crdt_document":"","footnotes":""},"categories":[1],"tags":[],"class_list":["post-51777","post","type-post","status-publish","format-standard","has-post-thumbnail","hentry","category-guncel"],"_links":{"self":[{"href":"https:\/\/www.egemtv.com\/index.php?rest_route=\/wp\/v2\/posts\/51777","targetHints":{"allow":["GET"]}}],"collection":[{"href":"https:\/\/www.egemtv.com\/index.php?rest_route=\/wp\/v2\/posts"}],"about":[{"href":"https:\/\/www.egemtv.com\/index.php?rest_route=\/wp\/v2\/types\/post"}],"author":[{"embeddable":true,"href":"https:\/\/www.egemtv.com\/index.php?rest_route=\/wp\/v2\/users\/1"}],"replies":[{"embeddable":true,"href":"https:\/\/www.egemtv.com\/index.php?rest_route=%2Fwp%2Fv2%2Fcomments&post=51777"}],"version-history":[{"count":1,"href":"https:\/\/www.egemtv.com\/index.php?rest_route=\/wp\/v2\/posts\/51777\/revisions"}],"predecessor-version":[{"id":51779,"href":"https:\/\/www.egemtv.com\/index.php?rest_route=\/wp\/v2\/posts\/51777\/revisions\/51779"}],"wp:featuredmedia":[{"embeddable":true,"href":"https:\/\/www.egemtv.com\/index.php?rest_route=\/wp\/v2\/media\/51778"}],"wp:attachment":[{"href":"https:\/\/www.egemtv.com\/index.php?rest_route=%2Fwp%2Fv2%2Fmedia&parent=51777"}],"wp:term":[{"taxonomy":"category","embeddable":true,"href":"https:\/\/www.egemtv.com\/index.php?rest_route=%2Fwp%2Fv2%2Fcategories&post=51777"},{"taxonomy":"post_tag","embeddable":true,"href":"https:\/\/www.egemtv.com\/index.php?rest_route=%2Fwp%2Fv2%2Ftags&post=51777"}],"curies":[{"name":"wp","href":"https:\/\/api.w.org\/{rel}","templated":true}]}}