{"id":51768,"date":"2025-08-28T13:15:42","date_gmt":"2025-08-28T10:15:42","guid":{"rendered":"https:\/\/www.egemtv.com\/?p=51768"},"modified":"2025-08-28T13:15:42","modified_gmt":"2025-08-28T10:15:42","slug":"baskan-cavusoglu-yillar-sonra-kendisiyle-celisti","status":"publish","type":"post","link":"https:\/\/www.egemtv.com\/?p=51768","title":{"rendered":"Ba\u015fkan \u00c7avu\u015fo\u011flu y\u0131llar sonra kendisiyle \u00e7eli\u015fti"},"content":{"rendered":"<p>DEN\u0130ZL\u0130 (\u0130HA) \u2013 Denizli\u2019nin \u00f6nemli ticaret merkezlerinde trafik k\u0131s\u0131tlamalar\u0131na giderek ba\u015fta esnaflar olmak \u00fczere vatanda\u015f\u0131n tepkisini toplayan B\u00fcy\u00fck\u015fehir Belediye Ba\u015fkan\u0131 B\u00fclent Nuri \u00c7avu\u015fo\u011flu\u2019nun, 2013 y\u0131l\u0131nda il ba\u015fkanl\u0131\u011f\u0131 g\u00f6revindeyken benzer uygulamalara kar\u015f\u0131 durdurdu\u011fu ortaya \u00e7\u0131kt\u0131.<\/p>\n<p>Denizli\u2019nin merkez il\u00e7eleri Pamukkale ve Merkezefendi\u2019de \u00c7aml\u0131k Bulvar\u0131, Bayramyeri Meydan\u0131 ve Gazi Mustafa Kemal Bulvar\u0131 i\u00e7in al\u0131nan trafik k\u0131s\u0131tlamas\u0131 kararlar\u0131yla ele\u015ftirilerin hedefi haline gelen B\u00fcy\u00fck\u015fehir Belediye Ba\u015fkan\u0131 B\u00fclent Nuri \u00c7avu\u015fo\u011flu, en son icraat\u0131 olan \u0130stiklal Caddesinde pilot uygulamas\u0131 d\u00fcn ba\u015flayan \u2018Otob\u00fcs Yolu\u2019 projesiyle daha ilk g\u00fcnden esnaf ve vatanda\u015flardan b\u00fcy\u00fck tepki ald\u0131. Park yasa\u011f\u0131ndan dolay\u0131 m\u00fc\u015fterisiz kalan esnaflar, i\u015flerinin azald\u0131\u011f\u0131ndan \u015fikayet ederken; arac\u0131na park yeri bulamayan vatanda\u015flar da uygulamay\u0131 ele\u015ftirdi. Trafi\u011fi rahatlatmas\u0131 i\u00e7in d\u00fc\u015f\u00fcn\u00fclen ancak ba\u011flant\u0131 yollar\u0131ndaki trafi\u011fi mesai giri\u015f \u00e7\u0131k\u0131\u015f saatlerinde durma noktas\u0131na getiren uygulamadan vazge\u00e7ilmesi istendi.<\/p>\n<p>Gazi Bulvar\u0131 karar\u0131 geri \u00e7ekilmi\u015fti<br \/>\n<br \/>Kentte ba\u015fka benzer uygulamalara imza atan Ba\u015fkan \u00c7avu\u015fo\u011flu, A\u011fustos ay\u0131 Meclis toplant\u0131s\u0131nda Gazi Mustafa Kemal Bulvar\u0131n\u0131n Pazar g\u00fcn\u00fc trafi\u011fe kapat\u0131lmas\u0131 uygulamas\u0131ndan, \u00f6\u011frencilerden gelen yo\u011fun \u015fikayetler \u00fczerine vazge\u00e7ildi\u011fini duyurmu\u015ftu. Toplu ula\u015f\u0131m\u0131n ortak g\u00fczergah\u0131n\u0131n trafi\u011fe kapat\u0131lmas\u0131 \u00fczerine ba\u015fta dershaneye giden \u00f6\u011frenciler olmak \u00fczere, kentin farkl\u0131 noktalar\u0131ndan Pazar g\u00fcn\u00fc \u015fehir merkezine gelmek isteyen vatanda\u015flar b\u00fcy\u00fck s\u0131k\u0131nt\u0131 ya\u015fam\u0131\u015f ve Belediye yetkilileri artan \u015fikayetler \u00fczerine al\u0131nan yasak karar\u0131ndan geri ad\u0131m atmak zorunda kalm\u0131\u015ft\u0131.<\/p>\n<p>13 y\u0131l \u00f6nce ele\u015ftirdi\u011fi kararlara kendisi de imza att\u0131<br \/>\n<br \/>\u00c7aml\u0131k Bulvar\u0131, Bayramyeri Meydan\u0131, Gazi Mustafa Kemal Bulvar\u0131 ve son olarak \u0130stiklal Caddesinde tart\u0131\u015fmal\u0131 kararlara imza atan Ba\u015fkan \u00c7avu\u015fo\u011flu\u2019nun 2013 y\u0131l\u0131nda CHP \u0130l Ba\u015fkanl\u0131\u011f\u0131 g\u00f6revindeyken, d\u00f6nemin AK Partili Belediye Ba\u015fkan\u0131 Osman Zolan taraf\u0131ndan ba\u015flat\u0131lan benzer bir uygulamaya kar\u015f\u0131 durdu\u011fu ortaya \u00e7\u0131kt\u0131.<\/p>\n<p>Ekibiyle birlikte \u00f6zel ara\u00e7 trafi\u011fine kapat\u0131lan Gazi Mustafa Kemal Bulvar\u0131n\u0131n g\u00f6be\u011finde a\u00e7\u0131klama yapan \u00c7avu\u015fo\u011flu, &#8220;Bug\u00fcn Gazi Bulvar\u0131, \u0130stiklal Caddesi ve \u00c7ayba\u015f\u0131 Caddesi \u00fczerinde bulunan esnaf\u0131 ziyaret ettik. Esnaf\u0131n en b\u00fcy\u00fck sorunu ula\u015f\u0131m konusunda ya\u015fanan s\u0131k\u0131nt\u0131lar. Gazi Bulvar\u0131ndaki esnaf, ticari ara\u00e7lar\u0131n ve minib\u00fcslerin caddeye girememesinden dolay\u0131 sat\u0131\u015f yapamamaktan \u015fikayet\u00e7i. \u0130stiklal ve \u00c7ayba\u015f\u0131 Caddesi \u00fczerindeki esnaf ise trafik yo\u011funlu\u011fundan dolay\u0131 insanlar\u0131n al\u0131\u015fveri\u015f i\u00e7in durmad\u0131\u011f\u0131ndan \u015fikayet\u00e7i. Bizler ana ula\u015f\u0131m master plan\u0131n\u0131n yeniden g\u00f6r\u00fc\u015f\u00fclerek de\u011ferlendirilmesini ve Gazi Bulvar\u0131\u2019n\u0131n yeniden trafi\u011fe a\u00e7\u0131lmas\u0131n\u0131 istiyoruz. 2014 se\u00e7imlerinde CHP\u2019nin yerel iktidar\u0131yla birlikte el ataca\u011f\u0131m\u0131z ilk konuda ula\u015f\u0131m olacakt\u0131r&#8221; demi\u015fti.<br \/><\/p>\n","protected":false},"excerpt":{"rendered":"<p>DEN\u0130ZL\u0130 (\u0130HA) \u2013 Denizli\u2019nin \u00f6nemli ticaret merkezlerinde trafik k\u0131s\u0131tlamalar\u0131na giderek ba\u015fta esnaflar olmak \u00fczere vatanda\u015f\u0131n tepkisini toplayan B\u00fcy\u00fck\u015fehir Belediye Ba\u015fkan\u0131 B\u00fclent Nuri \u00c7avu\u015fo\u011flu\u2019nun, 2013 y\u0131l\u0131nda il ba\u015fkanl\u0131\u011f\u0131 g\u00f6revindeyken benzer uygulamalara kar\u015f\u0131 durdurdu\u011fu ortaya \u00e7\u0131kt\u0131. Denizli\u2019nin merkez il\u00e7eleri Pamukkale ve Merkezefendi\u2019de \u00c7aml\u0131k Bulvar\u0131, Bayramyeri Meydan\u0131 ve Gazi Mustafa Kemal Bulvar\u0131 i\u00e7in al\u0131nan trafik k\u0131s\u0131tlamas\u0131 kararlar\u0131yla ele\u015ftirilerin&#8230;<\/p>\n","protected":false},"author":1,"featured_media":51769,"comment_status":"open","ping_status":"open","sticky":false,"template":"","format":"standard","meta":{"_crdt_document":"","footnotes":""},"categories":[127],"tags":[],"class_list":["post-51768","post","type-post","status-publish","format-standard","has-post-thumbnail","hentry","category-siyaset"],"_links":{"self":[{"href":"https:\/\/www.egemtv.com\/index.php?rest_route=\/wp\/v2\/posts\/51768","targetHints":{"allow":["GET"]}}],"collection":[{"href":"https:\/\/www.egemtv.com\/index.php?rest_route=\/wp\/v2\/posts"}],"about":[{"href":"https:\/\/www.egemtv.com\/index.php?rest_route=\/wp\/v2\/types\/post"}],"author":[{"embeddable":true,"href":"https:\/\/www.egemtv.com\/index.php?rest_route=\/wp\/v2\/users\/1"}],"replies":[{"embeddable":true,"href":"https:\/\/www.egemtv.com\/index.php?rest_route=%2Fwp%2Fv2%2Fcomments&post=51768"}],"version-history":[{"count":1,"href":"https:\/\/www.egemtv.com\/index.php?rest_route=\/wp\/v2\/posts\/51768\/revisions"}],"predecessor-version":[{"id":51770,"href":"https:\/\/www.egemtv.com\/index.php?rest_route=\/wp\/v2\/posts\/51768\/revisions\/51770"}],"wp:featuredmedia":[{"embeddable":true,"href":"https:\/\/www.egemtv.com\/index.php?rest_route=\/wp\/v2\/media\/51769"}],"wp:attachment":[{"href":"https:\/\/www.egemtv.com\/index.php?rest_route=%2Fwp%2Fv2%2Fmedia&parent=51768"}],"wp:term":[{"taxonomy":"category","embeddable":true,"href":"https:\/\/www.egemtv.com\/index.php?rest_route=%2Fwp%2Fv2%2Fcategories&post=51768"},{"taxonomy":"post_tag","embeddable":true,"href":"https:\/\/www.egemtv.com\/index.php?rest_route=%2Fwp%2Fv2%2Ftags&post=51768"}],"curies":[{"name":"wp","href":"https:\/\/api.w.org\/{rel}","templated":true}]}}