{"id":51765,"date":"2025-08-28T13:15:41","date_gmt":"2025-08-28T10:15:41","guid":{"rendered":"https:\/\/www.egemtv.com\/?p=51765"},"modified":"2025-08-28T13:15:42","modified_gmt":"2025-08-28T10:15:42","slug":"yeni-egitim-ogretim-yili-oncesi-mudurler-bulustu","status":"publish","type":"post","link":"https:\/\/www.egemtv.com\/?p=51765","title":{"rendered":"Yeni e\u011fitim-\u00f6\u011fretim y\u0131l\u0131 \u00f6ncesi m\u00fcd\u00fcrler bulu\u015ftu"},"content":{"rendered":"<p>Manisa\u2019n\u0131n Sar\u0131g\u00f6l il\u00e7esinde \u0130l\u00e7e Milli E\u011fitim M\u00fcd\u00fcr\u00fc Cezmi Y\u0131ld\u0131rak ba\u015fkanl\u0131\u011f\u0131nda, \u015fube m\u00fcd\u00fcrleri Muhittin \u015een ve Y\u00fcksel Kany\u0131lmaz ile okul m\u00fcd\u00fcrlerinin kat\u0131l\u0131m\u0131yla sene ba\u015f\u0131 toplant\u0131s\u0131 ger\u00e7ekle\u015ftirildi.<br \/>\n<br \/>Toplant\u0131da yeni e\u011fitim-\u00f6\u011fretim y\u0131l\u0131na y\u00f6nelik planlamalar, \u00f6\u011frenci ba\u015far\u0131s\u0131n\u0131 art\u0131rmaya d\u00f6n\u00fck \u00e7al\u0131\u015fmalar ve al\u0131nacak tedbirler ele al\u0131nd\u0131. \u0130l\u00e7e Milli E\u011fitim M\u00fcd\u00fcr\u00fc Cezmi Y\u0131ld\u0131rak, meydana \u00e7\u0131kabilecek sorunlar\u0131n b\u00fcy\u00fcmeden \u00e7\u00f6z\u00fclebilmesi i\u00e7in ileti\u015fimin \u00f6nemine dikkat \u00e7ekti.<br \/>\n<br \/>Bu y\u0131l\u0131n temas\u0131 olarak &#8220;Ye\u015fil Vatan&#8221; belirlendi. \u00d6\u011frencilerde \u00e7evre bilincini geli\u015ftirmek amac\u0131yla \u00f6zellikle 1. s\u0131n\u0131f \u00f6\u011frencileriyle fidan dikim etkinlikleri yap\u0131laca\u011f\u0131 ve orman yang\u0131nlar\u0131n\u0131n ya\u015fand\u0131\u011f\u0131 b\u00f6lgelere ziyaretler d\u00fczenlenece\u011fi bildirildi. Ayr\u0131ca, Cumhurba\u015fkan\u0131 taraf\u0131ndan 2025 y\u0131l\u0131n\u0131n &#8220;Aile Y\u0131l\u0131&#8221; ilan edilmesi dolay\u0131s\u0131yla aileyi merkeze alan projelerin okullarda hayata ge\u00e7irilece\u011fi ifade edildi.<br \/>\n<br \/>Toplant\u0131da, ders kitaplar\u0131n\u0131n 1-8 Eyl\u00fcl tarihleri aras\u0131nda da\u011f\u0131t\u0131laca\u011f\u0131, yard\u0131mc\u0131 kaynak dayatmas\u0131n\u0131n yasak oldu\u011fu, devams\u0131zl\u0131k konusunda taviz verilmeyece\u011fi, se\u00e7meli derslerin amac\u0131na uygun i\u015flenece\u011fi, k\u00fclt\u00fcrel etkinliklerin uygun i\u00e7erikte y\u00fcr\u00fct\u00fclece\u011fi ve \u00f6\u011fretmenlerin \u00f6rnek te\u015fkil edecek \u015fekilde giyimine dikkat etmesi gerekti\u011fi vurguland\u0131. Ayr\u0131ca norm fazlas\u0131 \u00f6\u011fretmenlere ili\u015fkin takvimin yay\u0131nland\u0131\u011f\u0131 hat\u0131rlat\u0131ld\u0131.<br \/>\n<br \/>\u015eube M\u00fcd\u00fcr\u00fc Muhittin \u015een, ders tamamlama, \u00f6\u011fretmen al\u0131m\u0131 ve norm kadro planlamalar\u0131 hakk\u0131nda bilgi verirken; \u015eube M\u00fcd\u00fcr\u00fc Y\u00fcksel Kany\u0131lmaz ise belirli g\u00fcn ve haftalara y\u00f6nelik faaliyetler, destekleme kurslar\u0131 ve mevzuattaki g\u00fcncel d\u00fczenlemeler hakk\u0131nda a\u00e7\u0131klamalarda bulundu.<br \/>\n<br \/>Toplant\u0131, yeni d\u00f6neme ili\u015fkin iyi dilek ve temennilerle sona erdi.<br \/><\/p>\n","protected":false},"excerpt":{"rendered":"<p>Manisa\u2019n\u0131n Sar\u0131g\u00f6l il\u00e7esinde \u0130l\u00e7e Milli E\u011fitim M\u00fcd\u00fcr\u00fc Cezmi Y\u0131ld\u0131rak ba\u015fkanl\u0131\u011f\u0131nda, \u015fube m\u00fcd\u00fcrleri Muhittin \u015een ve Y\u00fcksel Kany\u0131lmaz ile okul m\u00fcd\u00fcrlerinin kat\u0131l\u0131m\u0131yla sene ba\u015f\u0131 toplant\u0131s\u0131 ger\u00e7ekle\u015ftirildi. Toplant\u0131da yeni e\u011fitim-\u00f6\u011fretim y\u0131l\u0131na y\u00f6nelik planlamalar, \u00f6\u011frenci ba\u015far\u0131s\u0131n\u0131 art\u0131rmaya d\u00f6n\u00fck \u00e7al\u0131\u015fmalar ve al\u0131nacak tedbirler ele al\u0131nd\u0131. \u0130l\u00e7e Milli E\u011fitim M\u00fcd\u00fcr\u00fc Cezmi Y\u0131ld\u0131rak, meydana \u00e7\u0131kabilecek sorunlar\u0131n b\u00fcy\u00fcmeden \u00e7\u00f6z\u00fclebilmesi i\u00e7in ileti\u015fimin \u00f6nemine&#8230;<\/p>\n","protected":false},"author":1,"featured_media":51766,"comment_status":"open","ping_status":"open","sticky":false,"template":"","format":"standard","meta":{"_crdt_document":"","footnotes":""},"categories":[125],"tags":[],"class_list":["post-51765","post","type-post","status-publish","format-standard","has-post-thumbnail","hentry","category-ekonomi"],"_links":{"self":[{"href":"https:\/\/www.egemtv.com\/index.php?rest_route=\/wp\/v2\/posts\/51765","targetHints":{"allow":["GET"]}}],"collection":[{"href":"https:\/\/www.egemtv.com\/index.php?rest_route=\/wp\/v2\/posts"}],"about":[{"href":"https:\/\/www.egemtv.com\/index.php?rest_route=\/wp\/v2\/types\/post"}],"author":[{"embeddable":true,"href":"https:\/\/www.egemtv.com\/index.php?rest_route=\/wp\/v2\/users\/1"}],"replies":[{"embeddable":true,"href":"https:\/\/www.egemtv.com\/index.php?rest_route=%2Fwp%2Fv2%2Fcomments&post=51765"}],"version-history":[{"count":1,"href":"https:\/\/www.egemtv.com\/index.php?rest_route=\/wp\/v2\/posts\/51765\/revisions"}],"predecessor-version":[{"id":51767,"href":"https:\/\/www.egemtv.com\/index.php?rest_route=\/wp\/v2\/posts\/51765\/revisions\/51767"}],"wp:featuredmedia":[{"embeddable":true,"href":"https:\/\/www.egemtv.com\/index.php?rest_route=\/wp\/v2\/media\/51766"}],"wp:attachment":[{"href":"https:\/\/www.egemtv.com\/index.php?rest_route=%2Fwp%2Fv2%2Fmedia&parent=51765"}],"wp:term":[{"taxonomy":"category","embeddable":true,"href":"https:\/\/www.egemtv.com\/index.php?rest_route=%2Fwp%2Fv2%2Fcategories&post=51765"},{"taxonomy":"post_tag","embeddable":true,"href":"https:\/\/www.egemtv.com\/index.php?rest_route=%2Fwp%2Fv2%2Ftags&post=51765"}],"curies":[{"name":"wp","href":"https:\/\/api.w.org\/{rel}","templated":true}]}}