{"id":51762,"date":"2025-08-28T13:15:40","date_gmt":"2025-08-28T10:15:40","guid":{"rendered":"https:\/\/www.egemtv.com\/?p=51762"},"modified":"2025-08-28T13:15:41","modified_gmt":"2025-08-28T10:15:41","slug":"muglali-pedallar-bulgaristan-yollarinda","status":"publish","type":"post","link":"https:\/\/www.egemtv.com\/?p=51762","title":{"rendered":"Mu\u011flal\u0131 pedallar Bulgaristan yollar\u0131nda"},"content":{"rendered":"<p>Ge\u00e7en sezon T\u00fcrkiye 3.\u2019s\u00fc olarak yoluna devam eden Mu\u011fla Karya Bisiklet Tak\u0131m\u0131 , yeni bir uluslararas\u0131 ser\u00fcvene haz\u0131rlan\u0131yor. Ba\u015far\u0131l\u0131 ekip, 30 A\u011fustos-5 Eyl\u00fcl 2025 tarihleri aras\u0131nda Bulgaristan\u2019da d\u00fczenlenecek olan 72. Bulgaristan Turu yar\u0131\u015f\u0131nda pedal \u00e7evirecek.<\/p>\n<p>D\u00fcnyan\u0131n farkl\u0131 \u00fclkelerinde bir\u00e7ok profesyonel bisiklet\u00e7inin kat\u0131laca\u011f\u0131 bu prestijli organizasyonda Mu\u011fla ekibi, T\u00fcrkiye\u2019yi temsil edecek. Tak\u0131m, hem tecr\u00fcbelerini art\u0131rmay\u0131 hem de geli\u015ftirmeyi en iyi \u015fekilde uluslararas\u0131 arenada tan\u0131tmay\u0131 hedefliyor.<br \/>\n<br \/>Karya Bisiklet Tak\u0131m\u0131 sporcular\u0131, sezon boyunca elde ettikleri ba\u015far\u0131larla dikkat \u00e7ekerken, Tour of Bulgaria\u2019da da g\u00fc\u00e7l\u00fc bir performans sergilemek i\u00e7in yo\u011fun bir haz\u0131rl\u0131k d\u00f6nemi ge\u00e7irdi. Zorlu etaplarda pedal \u00e7evirecek sporcular\u0131n hedefi, \u00f6nemli dereceler elde ederek Mu\u011fla\u2019n\u0131n ve T\u00fcrkiye\u2019nin ad\u0131n\u0131 bir kez daha duyurmak olacak.<br \/><\/p>\n","protected":false},"excerpt":{"rendered":"<p>Ge\u00e7en sezon T\u00fcrkiye 3.\u2019s\u00fc olarak yoluna devam eden Mu\u011fla Karya Bisiklet Tak\u0131m\u0131 , yeni bir uluslararas\u0131 ser\u00fcvene haz\u0131rlan\u0131yor. Ba\u015far\u0131l\u0131 ekip, 30 A\u011fustos-5 Eyl\u00fcl 2025 tarihleri aras\u0131nda Bulgaristan\u2019da d\u00fczenlenecek olan 72. Bulgaristan Turu yar\u0131\u015f\u0131nda pedal \u00e7evirecek. D\u00fcnyan\u0131n farkl\u0131 \u00fclkelerinde bir\u00e7ok profesyonel bisiklet\u00e7inin kat\u0131laca\u011f\u0131 bu prestijli organizasyonda Mu\u011fla ekibi, T\u00fcrkiye\u2019yi temsil edecek. Tak\u0131m, hem tecr\u00fcbelerini art\u0131rmay\u0131 hem&#8230;<\/p>\n","protected":false},"author":1,"featured_media":51763,"comment_status":"open","ping_status":"open","sticky":false,"template":"","format":"standard","meta":{"_crdt_document":"","footnotes":""},"categories":[1],"tags":[],"class_list":["post-51762","post","type-post","status-publish","format-standard","has-post-thumbnail","hentry","category-guncel"],"_links":{"self":[{"href":"https:\/\/www.egemtv.com\/index.php?rest_route=\/wp\/v2\/posts\/51762","targetHints":{"allow":["GET"]}}],"collection":[{"href":"https:\/\/www.egemtv.com\/index.php?rest_route=\/wp\/v2\/posts"}],"about":[{"href":"https:\/\/www.egemtv.com\/index.php?rest_route=\/wp\/v2\/types\/post"}],"author":[{"embeddable":true,"href":"https:\/\/www.egemtv.com\/index.php?rest_route=\/wp\/v2\/users\/1"}],"replies":[{"embeddable":true,"href":"https:\/\/www.egemtv.com\/index.php?rest_route=%2Fwp%2Fv2%2Fcomments&post=51762"}],"version-history":[{"count":1,"href":"https:\/\/www.egemtv.com\/index.php?rest_route=\/wp\/v2\/posts\/51762\/revisions"}],"predecessor-version":[{"id":51764,"href":"https:\/\/www.egemtv.com\/index.php?rest_route=\/wp\/v2\/posts\/51762\/revisions\/51764"}],"wp:featuredmedia":[{"embeddable":true,"href":"https:\/\/www.egemtv.com\/index.php?rest_route=\/wp\/v2\/media\/51763"}],"wp:attachment":[{"href":"https:\/\/www.egemtv.com\/index.php?rest_route=%2Fwp%2Fv2%2Fmedia&parent=51762"}],"wp:term":[{"taxonomy":"category","embeddable":true,"href":"https:\/\/www.egemtv.com\/index.php?rest_route=%2Fwp%2Fv2%2Fcategories&post=51762"},{"taxonomy":"post_tag","embeddable":true,"href":"https:\/\/www.egemtv.com\/index.php?rest_route=%2Fwp%2Fv2%2Ftags&post=51762"}],"curies":[{"name":"wp","href":"https:\/\/api.w.org\/{rel}","templated":true}]}}