{"id":51759,"date":"2025-08-28T12:54:46","date_gmt":"2025-08-28T09:54:46","guid":{"rendered":"https:\/\/www.egemtv.com\/?p=51759"},"modified":"2025-08-28T12:54:47","modified_gmt":"2025-08-28T09:54:47","slug":"park-afyon-avmde-10ncu-yil-festivali","status":"publish","type":"post","link":"https:\/\/www.egemtv.com\/?p=51759","title":{"rendered":"Park Afyon AVM\u2019de 10\u2019ncu y\u0131l festivali"},"content":{"rendered":"<p>Park Afyon Al\u0131\u015fveri\u015f Merkezi, 9-14 Eyl\u00fcl 2025 tarihleri aras\u0131nda d\u00fczenleyece\u011fi 10.\u2019ncu Y\u0131l Festivali ile ziyaret\u00e7ilerini unutulmaz bir etkinlik program\u0131 ile bulu\u015fturacak.<br \/>\n<br \/>Afyonkarahisar\u2019\u0131n en b\u00fcy\u00fck ya\u015fam ve al\u0131\u015fveri\u015f merkezi olan Park Afyon, 10.\u2019ncu y\u0131l\u0131n\u0131 m\u00fczikten e\u011flenceye, gastronomiden \u00e7ocuk etkinliklerine kadar bir\u00e7ok farkl\u0131 deneyimle kutlamaya haz\u0131rlan\u0131yor. Festival kapsam\u0131nda 11 Eyl\u00fcl\u2019de \u00fcnl\u00fc DJ Hakan K\u00fcf\u00fcnd\u00fcr, 12 Eyl\u00fcl\u2019de g\u00fc\u00e7l\u00fc sahne performans\u0131 ile G\u00f6k\u00e7e ve 13 Eyl\u00fcl\u2019de sevilen sanat\u00e7\u0131 O\u011fuzhan Ko\u00e7 m\u00fczikseverlerle bulu\u015facak. T\u00fcm konserler \u00fccretsiz olarak ger\u00e7ekle\u015fecek ve Afyonkarahisar halk\u0131na keyifli anlar ya\u015fatacak. Festival s\u00fcresince ziyaret\u00e7iler, farkl\u0131 lezzetlerin sunulaca\u011f\u0131 yeme-i\u00e7me stantlar\u0131n\u0131 deneyimleyebilecek. \u00c7ocuklar i\u00e7in \u00f6zel olarak haz\u0131rlanan oyun alanlar\u0131 ve y\u00fcz boyama etkinlikleri k\u00fc\u00e7\u00fck ziyaret\u00e7ilere e\u011flenceli anlar ya\u015fatacak. Ayr\u0131ca g\u00fcn boyunca d\u00fczenlenecek mini konserler ve s\u00fcrpriz aktiviteler festivale renk katacak. Park Afyon Al\u0131\u015fveri\u015f Merkezi M\u00fcd\u00fcr\u00fc Emrah Aras, yapt\u0131\u011f\u0131 a\u00e7\u0131klamada, &#8220;10 y\u0131ld\u0131r Afyonkarahisar\u2019a sadece al\u0131\u015fveri\u015f de\u011fil, sosyal ya\u015fam ve e\u011flence alan\u0131nda da de\u011fer kat\u0131yoruz. Bu \u00f6zel y\u0131ld\u00f6n\u00fcm\u00fcn\u00fc ziyaret\u00e7ilerimizle birlikte co\u015fkuyla kutlamak bizim i\u00e7in byk mutluluk. T\u00fcm halk\u0131m\u0131z\u0131 9 &#8211; 14 Eyl\u00fcl tarihleri aras\u0131nda ger\u00e7ekle\u015fecek 10. Y\u0131l Festivalimize davet ediyoruz&#8221; ifadelerini kulland\u0131.<br \/><\/p>\n","protected":false},"excerpt":{"rendered":"<p>Park Afyon Al\u0131\u015fveri\u015f Merkezi, 9-14 Eyl\u00fcl 2025 tarihleri aras\u0131nda d\u00fczenleyece\u011fi 10.\u2019ncu Y\u0131l Festivali ile ziyaret\u00e7ilerini unutulmaz bir etkinlik program\u0131 ile bulu\u015fturacak. Afyonkarahisar\u2019\u0131n en b\u00fcy\u00fck ya\u015fam ve al\u0131\u015fveri\u015f merkezi olan Park Afyon, 10.\u2019ncu y\u0131l\u0131n\u0131 m\u00fczikten e\u011flenceye, gastronomiden \u00e7ocuk etkinliklerine kadar bir\u00e7ok farkl\u0131 deneyimle kutlamaya haz\u0131rlan\u0131yor. Festival kapsam\u0131nda 11 Eyl\u00fcl\u2019de \u00fcnl\u00fc DJ Hakan K\u00fcf\u00fcnd\u00fcr, 12 Eyl\u00fcl\u2019de g\u00fc\u00e7l\u00fc&#8230;<\/p>\n","protected":false},"author":1,"featured_media":51760,"comment_status":"open","ping_status":"open","sticky":false,"template":"","format":"standard","meta":{"_crdt_document":"","footnotes":""},"categories":[1],"tags":[],"class_list":["post-51759","post","type-post","status-publish","format-standard","has-post-thumbnail","hentry","category-guncel"],"_links":{"self":[{"href":"https:\/\/www.egemtv.com\/index.php?rest_route=\/wp\/v2\/posts\/51759","targetHints":{"allow":["GET"]}}],"collection":[{"href":"https:\/\/www.egemtv.com\/index.php?rest_route=\/wp\/v2\/posts"}],"about":[{"href":"https:\/\/www.egemtv.com\/index.php?rest_route=\/wp\/v2\/types\/post"}],"author":[{"embeddable":true,"href":"https:\/\/www.egemtv.com\/index.php?rest_route=\/wp\/v2\/users\/1"}],"replies":[{"embeddable":true,"href":"https:\/\/www.egemtv.com\/index.php?rest_route=%2Fwp%2Fv2%2Fcomments&post=51759"}],"version-history":[{"count":1,"href":"https:\/\/www.egemtv.com\/index.php?rest_route=\/wp\/v2\/posts\/51759\/revisions"}],"predecessor-version":[{"id":51761,"href":"https:\/\/www.egemtv.com\/index.php?rest_route=\/wp\/v2\/posts\/51759\/revisions\/51761"}],"wp:featuredmedia":[{"embeddable":true,"href":"https:\/\/www.egemtv.com\/index.php?rest_route=\/wp\/v2\/media\/51760"}],"wp:attachment":[{"href":"https:\/\/www.egemtv.com\/index.php?rest_route=%2Fwp%2Fv2%2Fmedia&parent=51759"}],"wp:term":[{"taxonomy":"category","embeddable":true,"href":"https:\/\/www.egemtv.com\/index.php?rest_route=%2Fwp%2Fv2%2Fcategories&post=51759"},{"taxonomy":"post_tag","embeddable":true,"href":"https:\/\/www.egemtv.com\/index.php?rest_route=%2Fwp%2Fv2%2Ftags&post=51759"}],"curies":[{"name":"wp","href":"https:\/\/api.w.org\/{rel}","templated":true}]}}