{"id":51756,"date":"2025-08-28T12:54:46","date_gmt":"2025-08-28T09:54:46","guid":{"rendered":"https:\/\/www.egemtv.com\/?p=51756"},"modified":"2025-08-28T12:54:46","modified_gmt":"2025-08-28T09:54:46","slug":"ankara-ve-alanyada-hapis-cezasiyla-aranan-sahis-ispartada-yakalandi","status":"publish","type":"post","link":"https:\/\/www.egemtv.com\/?p=51756","title":{"rendered":"Ankara ve Alanya\u2019da hapis cezas\u0131yla aranan \u015fah\u0131s Isparta\u2019da yakaland\u0131"},"content":{"rendered":"<p>Ankara ve Alanya\u2019da doland\u0131r\u0131c\u0131l\u0131k su\u00e7undan 10 y\u0131l 5 ay hapis cezas\u0131yla aranan \u015fah\u0131s, Isparta \u0130l Emniyet M\u00fcd\u00fcrl\u00fc\u011f\u00fc ekiplerince yakaland\u0131.<br \/>\n<br \/>Isparta \u0130l Emniyet M\u00fcd\u00fcrl\u00fc\u011f\u00fc ekipleri, d\u00fcn yapt\u0131klar\u0131 \u00e7al\u0131\u015fmalar kapsam\u0131nda, hakk\u0131nda \u00e7e\u015fitli &#8220;doland\u0131r\u0131c\u0131l\u0131k&#8221; su\u00e7lar\u0131ndan 10 y\u0131l 5 ay kesinle\u015fmi\u015f hapis cezas\u0131 bulunan bir \u015fahs\u0131 yakalayarak g\u00f6zalt\u0131na ald\u0131. \u015eahs\u0131n, Ankara ve Alanya adli makamlar\u0131nca arand\u0131\u011f\u0131 tespit edildi.<br \/><\/p>\n","protected":false},"excerpt":{"rendered":"<p>Ankara ve Alanya\u2019da doland\u0131r\u0131c\u0131l\u0131k su\u00e7undan 10 y\u0131l 5 ay hapis cezas\u0131yla aranan \u015fah\u0131s, Isparta \u0130l Emniyet M\u00fcd\u00fcrl\u00fc\u011f\u00fc ekiplerince yakaland\u0131. Isparta \u0130l Emniyet M\u00fcd\u00fcrl\u00fc\u011f\u00fc ekipleri, d\u00fcn yapt\u0131klar\u0131 \u00e7al\u0131\u015fmalar kapsam\u0131nda, hakk\u0131nda \u00e7e\u015fitli &#8220;doland\u0131r\u0131c\u0131l\u0131k&#8221; su\u00e7lar\u0131ndan 10 y\u0131l 5 ay kesinle\u015fmi\u015f hapis cezas\u0131 bulunan bir \u015fahs\u0131 yakalayarak g\u00f6zalt\u0131na ald\u0131. \u015eahs\u0131n, Ankara ve Alanya adli makamlar\u0131nca arand\u0131\u011f\u0131 tespit edildi.<\/p>\n","protected":false},"author":1,"featured_media":51757,"comment_status":"open","ping_status":"open","sticky":false,"template":"","format":"standard","meta":{"_crdt_document":"","footnotes":""},"categories":[5],"tags":[],"class_list":["post-51756","post","type-post","status-publish","format-standard","has-post-thumbnail","hentry","category-asayis"],"_links":{"self":[{"href":"https:\/\/www.egemtv.com\/index.php?rest_route=\/wp\/v2\/posts\/51756","targetHints":{"allow":["GET"]}}],"collection":[{"href":"https:\/\/www.egemtv.com\/index.php?rest_route=\/wp\/v2\/posts"}],"about":[{"href":"https:\/\/www.egemtv.com\/index.php?rest_route=\/wp\/v2\/types\/post"}],"author":[{"embeddable":true,"href":"https:\/\/www.egemtv.com\/index.php?rest_route=\/wp\/v2\/users\/1"}],"replies":[{"embeddable":true,"href":"https:\/\/www.egemtv.com\/index.php?rest_route=%2Fwp%2Fv2%2Fcomments&post=51756"}],"version-history":[{"count":1,"href":"https:\/\/www.egemtv.com\/index.php?rest_route=\/wp\/v2\/posts\/51756\/revisions"}],"predecessor-version":[{"id":51758,"href":"https:\/\/www.egemtv.com\/index.php?rest_route=\/wp\/v2\/posts\/51756\/revisions\/51758"}],"wp:featuredmedia":[{"embeddable":true,"href":"https:\/\/www.egemtv.com\/index.php?rest_route=\/wp\/v2\/media\/51757"}],"wp:attachment":[{"href":"https:\/\/www.egemtv.com\/index.php?rest_route=%2Fwp%2Fv2%2Fmedia&parent=51756"}],"wp:term":[{"taxonomy":"category","embeddable":true,"href":"https:\/\/www.egemtv.com\/index.php?rest_route=%2Fwp%2Fv2%2Fcategories&post=51756"},{"taxonomy":"post_tag","embeddable":true,"href":"https:\/\/www.egemtv.com\/index.php?rest_route=%2Fwp%2Fv2%2Ftags&post=51756"}],"curies":[{"name":"wp","href":"https:\/\/api.w.org\/{rel}","templated":true}]}}