{"id":51753,"date":"2025-08-28T12:54:45","date_gmt":"2025-08-28T09:54:45","guid":{"rendered":"https:\/\/www.egemtv.com\/?p=51753"},"modified":"2025-08-28T12:54:46","modified_gmt":"2025-08-28T09:54:46","slug":"kizilaydan-kirtasiye-destegi","status":"publish","type":"post","link":"https:\/\/www.egemtv.com\/?p=51753","title":{"rendered":"K\u0131z\u0131lay\u2019dan k\u0131rtasiye deste\u011fi"},"content":{"rendered":"<p>T\u00fcrk K\u0131z\u0131lay Manisa \u0130l Merkezi Ba\u015fkanl\u0131\u011f\u0131 taraf\u0131ndan ba\u015flat\u0131lan &#8220;\u0130yili\u011fi Payla\u015f, E\u011fitime Destek Ol&#8221; kampanyas\u0131 kapsam\u0131nda, hay\u0131rseverlerin ba\u011f\u0131\u015flar\u0131yla sat\u0131n al\u0131nan k\u0131rtasiye malzemeleri il\u00e7e \u015fube ekiplerine teslim edildi.<br \/>\n<br \/>K\u0131z\u0131lay Manisa G\u00f6n\u00fcll\u00fc Merkezinde, T\u00fcrk K\u0131z\u0131lay Genel Merkez Denetim Kurulu \u00dcyesi Selman Keresteci, T\u00fcrk K\u0131z\u0131lay Manisa \u0130l Merkezi Ba\u015fkan\u0131 \u00d6ner G\u00fcrsel, y\u00f6netim kurulu \u00fcyeleri, K\u0131z\u0131lay personeli ve g\u00f6n\u00fcll\u00fcler, k\u0131rtasiye malzemelerini okul \u00e7antalar\u0131na yerle\u015ftirdi. Haz\u0131rlanan \u00e7antalar, il\u00e7e \u015fube ara\u00e7lar\u0131na y\u00fcklenerek 2025-2026 y\u0131l\u0131 E\u011fitim ve \u00d6\u011fretim y\u0131l\u0131 ba\u015flamadan \u00f6\u011frencilere ula\u015ft\u0131r\u0131lmak \u00fczere yola \u00e7\u0131kar\u0131ld\u0131.<br \/>\n<br \/>T\u00fcrk K\u0131z\u0131lay Manisa \u0130l Merkezi Ba\u015fkan\u0131 \u00d6ner G\u00fcrsel yapt\u0131\u011f\u0131 a\u00e7\u0131klamada, &#8220;T\u00fcrk K\u0131z\u0131lay Manisa \u0130l Merkezi Ba\u015fkanl\u0131\u011f\u0131 olarak ba\u015flatt\u0131\u011f\u0131m\u0131z \u2019\u0130yili\u011fi payla\u015f, e\u011fitime destek ol\u2019 kampanyam\u0131z devam ediyor. Hay\u0131rseverlerimizin deste\u011fi ile sat\u0131n al\u0131nan k\u0131rtasiye malzemelerimizin bug\u00fcn itibari ile sevk i\u015flemine ba\u015flad\u0131k. T\u00fcm hay\u0131rseverlerimizi bu kampanyaya destek olmaya davet ediyorum&#8221; dedi.<br \/>\n<br \/>T\u00fcrk K\u0131z\u0131lay Genel Merkez Denetim Kurulu \u00dcyesi Selman Keresteci ise, &#8220;T\u00fcrk K\u0131z\u0131lay Manisa \u0130l Merkezi ba\u015fkanl\u0131\u011f\u0131m\u0131z ge\u00e7ti\u011fimiz g\u00fcnlerde, \u2018\u0130yili\u011fi payla\u015f, e\u011fitime destek ol\u2019 ismiyle kampanya ba\u015flatm\u0131\u015flard\u0131. Bug\u00fcn de toplanan ba\u011f\u0131\u015flar\u0131 17 il\u00e7emize sevk ediyorlar. Ba\u015far\u0131l\u0131 \u00e7al\u0131\u015fmalar\u0131ndan dolay\u0131 t\u00fcm K\u0131z\u0131layc\u0131lar\u0131m\u0131z\u0131 ve T\u00fcrk K\u0131z\u0131lay Manisa \u0130l Merkezi Ba\u015fkanl\u0131\u011f\u0131m\u0131z\u0131 tebrik ediyorum. Manisal\u0131 hay\u0131rseverlerimizi kampanyam\u0131za destek vermeye davet ediyorum. \u015eimdiden herkese te\u015fekk\u00fcr ederim&#8221; diye konu\u015ftu.<br \/>\n<br \/>Kampanya kapsam\u0131nda kent genelinde bulunan ekonomik ve sosyal durumu tespiti yap\u0131lan 3 bin \u00f6\u011frenciye k\u0131rtasiye malzemesi yard\u0131m\u0131 yap\u0131lacak.<br \/><\/p>\n","protected":false},"excerpt":{"rendered":"<p>T\u00fcrk K\u0131z\u0131lay Manisa \u0130l Merkezi Ba\u015fkanl\u0131\u011f\u0131 taraf\u0131ndan ba\u015flat\u0131lan &#8220;\u0130yili\u011fi Payla\u015f, E\u011fitime Destek Ol&#8221; kampanyas\u0131 kapsam\u0131nda, hay\u0131rseverlerin ba\u011f\u0131\u015flar\u0131yla sat\u0131n al\u0131nan k\u0131rtasiye malzemeleri il\u00e7e \u015fube ekiplerine teslim edildi. K\u0131z\u0131lay Manisa G\u00f6n\u00fcll\u00fc Merkezinde, T\u00fcrk K\u0131z\u0131lay Genel Merkez Denetim Kurulu \u00dcyesi Selman Keresteci, T\u00fcrk K\u0131z\u0131lay Manisa \u0130l Merkezi Ba\u015fkan\u0131 \u00d6ner G\u00fcrsel, y\u00f6netim kurulu \u00fcyeleri, K\u0131z\u0131lay personeli ve g\u00f6n\u00fcll\u00fcler, k\u0131rtasiye&#8230;<\/p>\n","protected":false},"author":1,"featured_media":51754,"comment_status":"open","ping_status":"open","sticky":false,"template":"","format":"standard","meta":{"_crdt_document":"","footnotes":""},"categories":[123],"tags":[],"class_list":["post-51753","post","type-post","status-publish","format-standard","has-post-thumbnail","hentry","category-gundem"],"_links":{"self":[{"href":"https:\/\/www.egemtv.com\/index.php?rest_route=\/wp\/v2\/posts\/51753","targetHints":{"allow":["GET"]}}],"collection":[{"href":"https:\/\/www.egemtv.com\/index.php?rest_route=\/wp\/v2\/posts"}],"about":[{"href":"https:\/\/www.egemtv.com\/index.php?rest_route=\/wp\/v2\/types\/post"}],"author":[{"embeddable":true,"href":"https:\/\/www.egemtv.com\/index.php?rest_route=\/wp\/v2\/users\/1"}],"replies":[{"embeddable":true,"href":"https:\/\/www.egemtv.com\/index.php?rest_route=%2Fwp%2Fv2%2Fcomments&post=51753"}],"version-history":[{"count":1,"href":"https:\/\/www.egemtv.com\/index.php?rest_route=\/wp\/v2\/posts\/51753\/revisions"}],"predecessor-version":[{"id":51755,"href":"https:\/\/www.egemtv.com\/index.php?rest_route=\/wp\/v2\/posts\/51753\/revisions\/51755"}],"wp:featuredmedia":[{"embeddable":true,"href":"https:\/\/www.egemtv.com\/index.php?rest_route=\/wp\/v2\/media\/51754"}],"wp:attachment":[{"href":"https:\/\/www.egemtv.com\/index.php?rest_route=%2Fwp%2Fv2%2Fmedia&parent=51753"}],"wp:term":[{"taxonomy":"category","embeddable":true,"href":"https:\/\/www.egemtv.com\/index.php?rest_route=%2Fwp%2Fv2%2Fcategories&post=51753"},{"taxonomy":"post_tag","embeddable":true,"href":"https:\/\/www.egemtv.com\/index.php?rest_route=%2Fwp%2Fv2%2Ftags&post=51753"}],"curies":[{"name":"wp","href":"https:\/\/api.w.org\/{rel}","templated":true}]}}