{"id":51750,"date":"2025-08-28T12:34:48","date_gmt":"2025-08-28T09:34:48","guid":{"rendered":"https:\/\/www.egemtv.com\/?p=51750"},"modified":"2025-08-28T12:34:49","modified_gmt":"2025-08-28T09:34:49","slug":"calistay-raporu-sunnetciye-sunuldu","status":"publish","type":"post","link":"https:\/\/www.egemtv.com\/?p=51750","title":{"rendered":"\u00c7al\u0131\u015ftay raporu S\u00fcnnetci\u2019ye sunuldu"},"content":{"rendered":"<p>Afyonkarahisar\u2019da ger\u00e7ekle\u015ftirilen \u2018Engelsiz \u015eehir; \u00d6zel Gereksinimli Bireyler \u0130\u00e7in Kapsay\u0131c\u0131 Yakla\u015f\u0131mlar Projesi&#8221;nin \u00e7al\u0131\u015ftay raporu \u0130l Milli E\u011fitim M\u00fcd\u00fcr\u00fc Mira\u00e7 S\u00fcnnetci\u2019ye sunuldu.<br \/>\n<br \/>Afyon Kocatepe \u00dcniversitesi \u00d6zel E\u011fitim B\u00f6l\u00fcm\u00fc B\u00f6l\u00fcm Ba\u015fkan\u0131 Do\u00e7. Dr. Fatma Bet\u00fcl \u015eenol, S\u00fcnnetci\u2019yi ziyaret etti. \u015eenol, T\u00dcB\u0130TAK 4008 &#8211; \u00d6zel Gereksinimli Bireylere Y\u00f6nelik Kapsay\u0131c\u0131 Toplum Uygulamalar\u0131 Destekleme Program\u0131 \u00e7er\u00e7evesinde \u0130l Milli E\u011fitim M\u00fcd\u00fcrl\u00fc\u011f\u00fcn\u00fc\u2019nde destek verdi\u011fi &#8220;Engelsiz \u015eehir; \u00d6zel Gereksinimli Bireyler \u0130\u00e7in Kapsay\u0131c\u0131 Yakla\u015f\u0131mlar Projesi&#8221;nin \u00e7al\u0131\u015ftay raporunu S\u00fcnnetci\u2019ye takdim etti.<br \/>\n<br \/>Ziyaret, proje ile birlikte kentteki engelli bireylerin hayata ve topluma kat\u0131l\u0131mlar\u0131n\u0131n artt\u0131r\u0131lmas\u0131 \u00fczerine ger\u00e7ekle\u015ftirilen isti\u015farenin ard\u0131ndan S\u00fcnnetci\u2019nin, \u015eenol\u2019a te\u015fekk\u00fcrlerini iletmesi ile sona erdi.<br \/><\/p>\n","protected":false},"excerpt":{"rendered":"<p>Afyonkarahisar\u2019da ger\u00e7ekle\u015ftirilen \u2018Engelsiz \u015eehir; \u00d6zel Gereksinimli Bireyler \u0130\u00e7in Kapsay\u0131c\u0131 Yakla\u015f\u0131mlar Projesi&#8221;nin \u00e7al\u0131\u015ftay raporu \u0130l Milli E\u011fitim M\u00fcd\u00fcr\u00fc Mira\u00e7 S\u00fcnnetci\u2019ye sunuldu. Afyon Kocatepe \u00dcniversitesi \u00d6zel E\u011fitim B\u00f6l\u00fcm\u00fc B\u00f6l\u00fcm Ba\u015fkan\u0131 Do\u00e7. Dr. Fatma Bet\u00fcl \u015eenol, S\u00fcnnetci\u2019yi ziyaret etti. \u015eenol, T\u00dcB\u0130TAK 4008 &#8211; \u00d6zel Gereksinimli Bireylere Y\u00f6nelik Kapsay\u0131c\u0131 Toplum Uygulamalar\u0131 Destekleme Program\u0131 \u00e7er\u00e7evesinde \u0130l Milli E\u011fitim M\u00fcd\u00fcrl\u00fc\u011f\u00fcn\u00fc\u2019nde destek&#8230;<\/p>\n","protected":false},"author":1,"featured_media":51751,"comment_status":"open","ping_status":"open","sticky":false,"template":"","format":"standard","meta":{"_crdt_document":"","footnotes":""},"categories":[1],"tags":[],"class_list":["post-51750","post","type-post","status-publish","format-standard","has-post-thumbnail","hentry","category-guncel"],"_links":{"self":[{"href":"https:\/\/www.egemtv.com\/index.php?rest_route=\/wp\/v2\/posts\/51750","targetHints":{"allow":["GET"]}}],"collection":[{"href":"https:\/\/www.egemtv.com\/index.php?rest_route=\/wp\/v2\/posts"}],"about":[{"href":"https:\/\/www.egemtv.com\/index.php?rest_route=\/wp\/v2\/types\/post"}],"author":[{"embeddable":true,"href":"https:\/\/www.egemtv.com\/index.php?rest_route=\/wp\/v2\/users\/1"}],"replies":[{"embeddable":true,"href":"https:\/\/www.egemtv.com\/index.php?rest_route=%2Fwp%2Fv2%2Fcomments&post=51750"}],"version-history":[{"count":1,"href":"https:\/\/www.egemtv.com\/index.php?rest_route=\/wp\/v2\/posts\/51750\/revisions"}],"predecessor-version":[{"id":51752,"href":"https:\/\/www.egemtv.com\/index.php?rest_route=\/wp\/v2\/posts\/51750\/revisions\/51752"}],"wp:featuredmedia":[{"embeddable":true,"href":"https:\/\/www.egemtv.com\/index.php?rest_route=\/wp\/v2\/media\/51751"}],"wp:attachment":[{"href":"https:\/\/www.egemtv.com\/index.php?rest_route=%2Fwp%2Fv2%2Fmedia&parent=51750"}],"wp:term":[{"taxonomy":"category","embeddable":true,"href":"https:\/\/www.egemtv.com\/index.php?rest_route=%2Fwp%2Fv2%2Fcategories&post=51750"},{"taxonomy":"post_tag","embeddable":true,"href":"https:\/\/www.egemtv.com\/index.php?rest_route=%2Fwp%2Fv2%2Ftags&post=51750"}],"curies":[{"name":"wp","href":"https:\/\/api.w.org\/{rel}","templated":true}]}}