{"id":51747,"date":"2025-08-28T12:34:47","date_gmt":"2025-08-28T09:34:47","guid":{"rendered":"https:\/\/www.egemtv.com\/?p=51747"},"modified":"2025-08-28T12:34:48","modified_gmt":"2025-08-28T09:34:48","slug":"msku-a-kapi-tadilat-nedeniyle-gecici-olarak-ulasima-kapatildi","status":"publish","type":"post","link":"https:\/\/www.egemtv.com\/?p=51747","title":{"rendered":"MSK\u00dc A Kap\u0131, tadilat nedeniyle ge\u00e7ici olarak ula\u015f\u0131ma kapat\u0131ld\u0131"},"content":{"rendered":"<p>Mu\u011fla S\u0131tk\u0131 Ko\u00e7man \u00dcniversitesi\u2019nin ana kap\u0131 olarak kulland\u0131\u011f\u0131 A Kap\u0131 tadilat ve bak\u0131m \u00e7al\u0131\u015fmas\u0131 nedeniyle ge\u00e7ici olarak kapat\u0131ld\u0131. Mu\u011fla S\u0131tk\u0131 C kap\u0131 ge\u00e7ici olarak \u00e7ift y\u00f6nl\u00fc ula\u015f\u0131ma a\u00e7\u0131ld\u0131.<br \/>\n<br \/>Mu\u011fla S\u0131tk\u0131 Ko\u00e7man \u00dcniversitesinden yap\u0131lan a\u00e7\u0131klamada, &#8220;\u00dcniversitemiz A kap\u0131s\u0131, Yap\u0131 \u0130\u015fleri ve Teknik Daire Ba\u015fkanl\u0131\u011f\u0131nca ger\u00e7ekle\u015ftirilen revizyon i\u015flemi nedeniyle ikinci bir duyuruya kadar kapal\u0131 kalacakt\u0131r. Misafirlerimizin ula\u015f\u0131m i\u00e7in di\u011fer giri\u015f noktalar\u0131n\u0131 kullanmalar\u0131 gerekmektedir. A kap\u0131da devam edecek tadilat boyunca \u00f6\u011frenci, personel ve misafirlerimizin ya\u015fayabilecekleri muhtemel gecikmelerin \u00f6n\u00fcne ge\u00e7ilebilmesi ad\u0131na C kap\u0131 ge\u00e7ici olarak \u00e7ift y\u00f6nl\u00fc trafi\u011fe a\u00e7\u0131lacakt\u0131r. Tadilat sonras\u0131 C kap\u0131 tekrar trafi\u011fe kapat\u0131lacak, A kap\u0131 ula\u015f\u0131ma a\u00e7\u0131lacakt\u0131r&#8221; denildi.<br \/><\/p>\n","protected":false},"excerpt":{"rendered":"<p>Mu\u011fla S\u0131tk\u0131 Ko\u00e7man \u00dcniversitesi\u2019nin ana kap\u0131 olarak kulland\u0131\u011f\u0131 A Kap\u0131 tadilat ve bak\u0131m \u00e7al\u0131\u015fmas\u0131 nedeniyle ge\u00e7ici olarak kapat\u0131ld\u0131. Mu\u011fla S\u0131tk\u0131 C kap\u0131 ge\u00e7ici olarak \u00e7ift y\u00f6nl\u00fc ula\u015f\u0131ma a\u00e7\u0131ld\u0131. Mu\u011fla S\u0131tk\u0131 Ko\u00e7man \u00dcniversitesinden yap\u0131lan a\u00e7\u0131klamada, &#8220;\u00dcniversitemiz A kap\u0131s\u0131, Yap\u0131 \u0130\u015fleri ve Teknik Daire Ba\u015fkanl\u0131\u011f\u0131nca ger\u00e7ekle\u015ftirilen revizyon i\u015flemi nedeniyle ikinci bir duyuruya kadar kapal\u0131 kalacakt\u0131r. Misafirlerimizin ula\u015f\u0131m&#8230;<\/p>\n","protected":false},"author":1,"featured_media":51748,"comment_status":"open","ping_status":"open","sticky":false,"template":"","format":"standard","meta":{"_crdt_document":"","footnotes":""},"categories":[1],"tags":[],"class_list":["post-51747","post","type-post","status-publish","format-standard","has-post-thumbnail","hentry","category-guncel"],"_links":{"self":[{"href":"https:\/\/www.egemtv.com\/index.php?rest_route=\/wp\/v2\/posts\/51747","targetHints":{"allow":["GET"]}}],"collection":[{"href":"https:\/\/www.egemtv.com\/index.php?rest_route=\/wp\/v2\/posts"}],"about":[{"href":"https:\/\/www.egemtv.com\/index.php?rest_route=\/wp\/v2\/types\/post"}],"author":[{"embeddable":true,"href":"https:\/\/www.egemtv.com\/index.php?rest_route=\/wp\/v2\/users\/1"}],"replies":[{"embeddable":true,"href":"https:\/\/www.egemtv.com\/index.php?rest_route=%2Fwp%2Fv2%2Fcomments&post=51747"}],"version-history":[{"count":1,"href":"https:\/\/www.egemtv.com\/index.php?rest_route=\/wp\/v2\/posts\/51747\/revisions"}],"predecessor-version":[{"id":51749,"href":"https:\/\/www.egemtv.com\/index.php?rest_route=\/wp\/v2\/posts\/51747\/revisions\/51749"}],"wp:featuredmedia":[{"embeddable":true,"href":"https:\/\/www.egemtv.com\/index.php?rest_route=\/wp\/v2\/media\/51748"}],"wp:attachment":[{"href":"https:\/\/www.egemtv.com\/index.php?rest_route=%2Fwp%2Fv2%2Fmedia&parent=51747"}],"wp:term":[{"taxonomy":"category","embeddable":true,"href":"https:\/\/www.egemtv.com\/index.php?rest_route=%2Fwp%2Fv2%2Fcategories&post=51747"},{"taxonomy":"post_tag","embeddable":true,"href":"https:\/\/www.egemtv.com\/index.php?rest_route=%2Fwp%2Fv2%2Ftags&post=51747"}],"curies":[{"name":"wp","href":"https:\/\/api.w.org\/{rel}","templated":true}]}}