{"id":51744,"date":"2025-08-28T12:34:46","date_gmt":"2025-08-28T09:34:46","guid":{"rendered":"https:\/\/www.egemtv.com\/?p=51744"},"modified":"2025-08-28T12:34:47","modified_gmt":"2025-08-28T09:34:47","slug":"bodrum-fk-serik-deplasmaninda-galibiyet-ariyor","status":"publish","type":"post","link":"https:\/\/www.egemtv.com\/?p=51744","title":{"rendered":"Bodrum FK, Serik deplasman\u0131nda galibiyet ar\u0131yor"},"content":{"rendered":"<p>Bodrum FK Teknik Direkt\u00f6r\u00fc Burhan E\u015fer, Serikspor\u2019un \u00e7ok zorlu bir rakip oldu\u011funu ancak yine de iyi bir skorla deplasmandan d\u00f6nmek istediklerini s\u00f6yledi.<br \/>\n<br \/>Trendyol 1. Lig\u2019in 4. haftas\u0131nda Bodrum FK, 31 A\u011fustos Pazar g\u00fcn\u00fc Serikspor\u2019a konuk olacak. Yal\u0131\u00e7iftlik \u0130smail Alt\u0131nda\u011f Tesisleri\u2019nde hafta boyunca Teknik Direkt\u00f6r Burhan E\u015fer y\u00f6netiminde galibiyet hedefiyle haz\u0131rl\u0131klar\u0131n\u0131 s\u00fcrd\u00fcren ye\u015fil-beyazl\u0131larda futbolcular\u0131n h\u0131rsl\u0131 ve istekli g\u00f6r\u00fcnt\u00fcs\u00fc dikkat \u00e7ekti.<br \/>\n<br \/>Sakatl\u0131\u011f\u0131 nedeniyle 8-10 hafta sahalardan uzak kalacak olan G\u00f6kdeniz Bayrakdar, bu m\u00fccadele \u00f6ncesi Bodrum ekibinin tek eksik oyuncusu oldu.<br \/>\n<br \/>Bodrum FK Teknik Direkt\u00f6r\u00fc Burhan E\u015fer, Serikspor ma\u00e7\u0131 \u00f6ncesinde yapt\u0131\u011f\u0131 de\u011ferlendirmede, &#8220;\u0130lk 2 haftada galibiyeti ka\u00e7\u0131ran taraf bizdik. B\u00f6yle bir galibiyetin gelece\u011fini o ma\u00e7larda g\u00f6stermi\u015ftik. Yenik duruma d\u00fc\u015f\u00fcp ma\u00e7\u0131 \u00e7evirmemiz bizim i\u00e7in \u00f6nemliydi. Herkes gol atacak demi\u015ftim, \u00f6yle de oldu. Biz ofansif futbol oynamay\u0131, topa hakim olmay\u0131 seven bir tak\u0131m\u0131z. M\u00fccadelemiz ve fiziksel g\u00fcc\u00fcm\u00fcz de \u00e7ok iyi durumda. Sakarya ma\u00e7\u0131 keyifli ge\u00e7ti. Rakibe sadece uzaktan \u015fut \u015fans\u0131 verdik, biz ise 21\u2019e yak\u0131n \u015fut \u00e7ekerek g\u00fczel bir futbolla \u00f6zledi\u011fimiz galibiyeti ald\u0131k&#8221; \u015feklinde konu\u015ftu.<br \/>\n<br \/>E\u015fer, Serikspor\u2019un zorlu bir rakip oldu\u011funa da dikkat \u00e7ekerek, &#8220;Serik; agresif, m\u00fccadele g\u00fcc\u00fc y\u00fcksek ve oyun ritmini bozan bir tak\u0131m. Zor bir deplasmana gidiyoruz, sert bir rakiple kar\u015f\u0131la\u015faca\u011f\u0131z. Ancak analizlerimizi yapt\u0131k, \u00e7al\u0131\u015fmalar\u0131m\u0131z\u0131 ona g\u00f6re planlad\u0131k. Diren\u00e7li bir rakibe kar\u015f\u0131 oynayaca\u011f\u0131z ama biz gerekeni yap\u0131p oradan istedi\u011fimiz skorla d\u00f6nmek istiyoruz. Milli araya moralli ve mutlu girmek en b\u00fcy\u00fck hedefimiz. G\u00f6kdeniz\u2019in sakatl\u0131\u011f\u0131 \u00fcz\u00fcc\u00fc, 8-10 hafta aram\u0131zda olamayacak. Ama tedavi s\u00fcreci yak\u0131ndan takip ediliyor&#8221; ifadelerini kulland\u0131.<br \/><\/p>\n","protected":false},"excerpt":{"rendered":"<p>Bodrum FK Teknik Direkt\u00f6r\u00fc Burhan E\u015fer, Serikspor\u2019un \u00e7ok zorlu bir rakip oldu\u011funu ancak yine de iyi bir skorla deplasmandan d\u00f6nmek istediklerini s\u00f6yledi. Trendyol 1. Lig\u2019in 4. haftas\u0131nda Bodrum FK, 31 A\u011fustos Pazar g\u00fcn\u00fc Serikspor\u2019a konuk olacak. Yal\u0131\u00e7iftlik \u0130smail Alt\u0131nda\u011f Tesisleri\u2019nde hafta boyunca Teknik Direkt\u00f6r Burhan E\u015fer y\u00f6netiminde galibiyet hedefiyle haz\u0131rl\u0131klar\u0131n\u0131 s\u00fcrd\u00fcren ye\u015fil-beyazl\u0131larda futbolcular\u0131n h\u0131rsl\u0131 ve&#8230;<\/p>\n","protected":false},"author":1,"featured_media":51745,"comment_status":"open","ping_status":"open","sticky":false,"template":"","format":"standard","meta":{"_crdt_document":"","footnotes":""},"categories":[4],"tags":[],"class_list":["post-51744","post","type-post","status-publish","format-standard","has-post-thumbnail","hentry","category-spor"],"_links":{"self":[{"href":"https:\/\/www.egemtv.com\/index.php?rest_route=\/wp\/v2\/posts\/51744","targetHints":{"allow":["GET"]}}],"collection":[{"href":"https:\/\/www.egemtv.com\/index.php?rest_route=\/wp\/v2\/posts"}],"about":[{"href":"https:\/\/www.egemtv.com\/index.php?rest_route=\/wp\/v2\/types\/post"}],"author":[{"embeddable":true,"href":"https:\/\/www.egemtv.com\/index.php?rest_route=\/wp\/v2\/users\/1"}],"replies":[{"embeddable":true,"href":"https:\/\/www.egemtv.com\/index.php?rest_route=%2Fwp%2Fv2%2Fcomments&post=51744"}],"version-history":[{"count":1,"href":"https:\/\/www.egemtv.com\/index.php?rest_route=\/wp\/v2\/posts\/51744\/revisions"}],"predecessor-version":[{"id":51746,"href":"https:\/\/www.egemtv.com\/index.php?rest_route=\/wp\/v2\/posts\/51744\/revisions\/51746"}],"wp:featuredmedia":[{"embeddable":true,"href":"https:\/\/www.egemtv.com\/index.php?rest_route=\/wp\/v2\/media\/51745"}],"wp:attachment":[{"href":"https:\/\/www.egemtv.com\/index.php?rest_route=%2Fwp%2Fv2%2Fmedia&parent=51744"}],"wp:term":[{"taxonomy":"category","embeddable":true,"href":"https:\/\/www.egemtv.com\/index.php?rest_route=%2Fwp%2Fv2%2Fcategories&post=51744"},{"taxonomy":"post_tag","embeddable":true,"href":"https:\/\/www.egemtv.com\/index.php?rest_route=%2Fwp%2Fv2%2Ftags&post=51744"}],"curies":[{"name":"wp","href":"https:\/\/api.w.org\/{rel}","templated":true}]}}