{"id":51741,"date":"2025-08-28T12:15:03","date_gmt":"2025-08-28T09:15:03","guid":{"rendered":"https:\/\/www.egemtv.com\/?p=51741"},"modified":"2025-08-28T12:15:03","modified_gmt":"2025-08-28T09:15:03","slug":"aydinda-tarim-personellerine-turuncgil-egitimi","status":"publish","type":"post","link":"https:\/\/www.egemtv.com\/?p=51741","title":{"rendered":"Ayd\u0131n\u2019da tar\u0131m personellerine Turun\u00e7gil e\u011fitimi"},"content":{"rendered":"<p>Ayd\u0131n\u2019da \u0130l Tar\u0131m ve orman M\u00fcd\u00fcrl\u00fc\u011f\u00fc personellerine &#8220;Turun\u00e7gilde Hastal\u0131k ve Zararl\u0131lar\u0131n Tan\u0131nmas\u0131 ve M\u00fccadelesi&#8221; konular\u0131nda e\u011fitim ger\u00e7ekle\u015ftirildi.<br \/>\n<br \/>Ayd\u0131n\u2019da 2025-2027 y\u0131llar\u0131 aras\u0131nda y\u00fcr\u00fct\u00fclmesi planlanan Turun\u00e7gillerde Kal\u0131nt\u0131 Eylem Plan\u0131 kapsam\u0131nda, \u0130l Tar\u0131m ve Orman M\u00fcd\u00fcrl\u00fc\u011f\u00fc Zeytin Toplant\u0131 Salonu\u2019nda E\u011fiticilerin E\u011fitimi toplant\u0131s\u0131 ger\u00e7ekle\u015ftirildi. Bitkisel \u00dcretim ve Bitki Sa\u011fl\u0131\u011f\u0131 \u015eube M\u00fcd\u00fcr\u00fc Arma\u011fan Tanr\u0131kulu ile \u0130l ve \u0130l\u00e7e M\u00fcd\u00fcrl\u00fc\u011f\u00fc konu sorumlusu teknik personellerin kat\u0131ld\u0131\u011f\u0131 toplant\u0131da, e\u011fitim ve denetim faaliyetleri ile &#8220;Turun\u00e7gilde Hastal\u0131k ve Zararl\u0131lar\u0131n Tan\u0131nmas\u0131 ve M\u00fccadelesi&#8221; konular\u0131nda bilgilendirme yap\u0131ld\u0131.<br \/><\/p>\n","protected":false},"excerpt":{"rendered":"<p>Ayd\u0131n\u2019da \u0130l Tar\u0131m ve orman M\u00fcd\u00fcrl\u00fc\u011f\u00fc personellerine &#8220;Turun\u00e7gilde Hastal\u0131k ve Zararl\u0131lar\u0131n Tan\u0131nmas\u0131 ve M\u00fccadelesi&#8221; konular\u0131nda e\u011fitim ger\u00e7ekle\u015ftirildi. Ayd\u0131n\u2019da 2025-2027 y\u0131llar\u0131 aras\u0131nda y\u00fcr\u00fct\u00fclmesi planlanan Turun\u00e7gillerde Kal\u0131nt\u0131 Eylem Plan\u0131 kapsam\u0131nda, \u0130l Tar\u0131m ve Orman M\u00fcd\u00fcrl\u00fc\u011f\u00fc Zeytin Toplant\u0131 Salonu\u2019nda E\u011fiticilerin E\u011fitimi toplant\u0131s\u0131 ger\u00e7ekle\u015ftirildi. Bitkisel \u00dcretim ve Bitki Sa\u011fl\u0131\u011f\u0131 \u015eube M\u00fcd\u00fcr\u00fc Arma\u011fan Tanr\u0131kulu ile \u0130l ve \u0130l\u00e7e M\u00fcd\u00fcrl\u00fc\u011f\u00fc konu&#8230;<\/p>\n","protected":false},"author":1,"featured_media":51742,"comment_status":"open","ping_status":"open","sticky":false,"template":"","format":"standard","meta":{"_crdt_document":"","footnotes":""},"categories":[1],"tags":[],"class_list":["post-51741","post","type-post","status-publish","format-standard","has-post-thumbnail","hentry","category-guncel"],"_links":{"self":[{"href":"https:\/\/www.egemtv.com\/index.php?rest_route=\/wp\/v2\/posts\/51741","targetHints":{"allow":["GET"]}}],"collection":[{"href":"https:\/\/www.egemtv.com\/index.php?rest_route=\/wp\/v2\/posts"}],"about":[{"href":"https:\/\/www.egemtv.com\/index.php?rest_route=\/wp\/v2\/types\/post"}],"author":[{"embeddable":true,"href":"https:\/\/www.egemtv.com\/index.php?rest_route=\/wp\/v2\/users\/1"}],"replies":[{"embeddable":true,"href":"https:\/\/www.egemtv.com\/index.php?rest_route=%2Fwp%2Fv2%2Fcomments&post=51741"}],"version-history":[{"count":1,"href":"https:\/\/www.egemtv.com\/index.php?rest_route=\/wp\/v2\/posts\/51741\/revisions"}],"predecessor-version":[{"id":51743,"href":"https:\/\/www.egemtv.com\/index.php?rest_route=\/wp\/v2\/posts\/51741\/revisions\/51743"}],"wp:featuredmedia":[{"embeddable":true,"href":"https:\/\/www.egemtv.com\/index.php?rest_route=\/wp\/v2\/media\/51742"}],"wp:attachment":[{"href":"https:\/\/www.egemtv.com\/index.php?rest_route=%2Fwp%2Fv2%2Fmedia&parent=51741"}],"wp:term":[{"taxonomy":"category","embeddable":true,"href":"https:\/\/www.egemtv.com\/index.php?rest_route=%2Fwp%2Fv2%2Fcategories&post=51741"},{"taxonomy":"post_tag","embeddable":true,"href":"https:\/\/www.egemtv.com\/index.php?rest_route=%2Fwp%2Fv2%2Ftags&post=51741"}],"curies":[{"name":"wp","href":"https:\/\/api.w.org\/{rel}","templated":true}]}}