{"id":51738,"date":"2025-08-28T12:15:02","date_gmt":"2025-08-28T09:15:02","guid":{"rendered":"https:\/\/www.egemtv.com\/?p=51738"},"modified":"2025-08-28T12:15:02","modified_gmt":"2025-08-28T09:15:02","slug":"silahla-yaralanan-domuz-dogal-yasam-parkinda-iyilestirildi","status":"publish","type":"post","link":"https:\/\/www.egemtv.com\/?p=51738","title":{"rendered":"Silahla yaralanan domuz Do\u011fal Ya\u015fam Park\u0131\u2019nda iyile\u015ftirildi"},"content":{"rendered":"<p>\u0130zmir B\u00fcy\u00fck\u015fehir Belediyesi ekipleri, ate\u015fli silahla yaraland\u0131\u011f\u0131 belirlenen bir domuzu, bulundu\u011fu yeren kurtararak tedavi alt\u0131na ald\u0131. Uzmanlar\u0131n tedavisi sayesinde eski sa\u011fl\u0131\u011f\u0131na kavu\u015fan domuz, do\u011fal ya\u015fam\u0131na d\u00f6nmek \u00fczere \u00fczere Do\u011fa Koruma ve Milli Parklar Genel M\u00fcd\u00fcrl\u00fc\u011f\u00fc \u0130zmir \u015eube M\u00fcd\u00fcrl\u00fc\u011f\u00fc ekiplerine teslim edildi.<br \/>\n<br \/>\u0130zmir B\u00fcy\u00fck\u015fehir Belediyesi Veteriner \u0130\u015fleri Dairesi Ba\u015fkanl\u0131\u011f\u0131 Do\u011fal Ya\u015fam Park\u0131 \u015eube M\u00fcd\u00fcrl\u00fc\u011f\u00fc veteriner hekimleri, yaral\u0131 bir domuzun yard\u0131m\u0131na ko\u015ftu. Ekipler; Tar\u0131m ve Orman Bakanl\u0131\u011f\u0131 Do\u011fa Koruma ve Milli Parklar Genel M\u00fcd\u00fcrl\u00fc\u011f\u00fc \u0130zmir \u015eube M\u00fcd\u00fcrl\u00fc\u011f\u00fc\u2019ne, Bornova Evka-3 Mahallesi\u2019nde yaral\u0131 bir yaban domuzu bulundu\u011funa dair ihbar ula\u015fmas\u0131 \u00fczerine harekete ge\u00e7ti. Do\u011fal Ya\u015fam Park\u0131 b\u00fcnyesinden iki veteriner teknikeri ve bir veteriner hekim hemen b\u00f6lgeye y\u00f6nlendirildi. Uzmanlar, hayvan\u0131 g\u00fcvenli bir \u015fekilde anesteziye ald\u0131ktan sonra ilk m\u00fcdahaleyi olay yerinde yapt\u0131.<\/p>\n<p>Tedavisi ba\u015far\u0131l\u0131 sonu\u00e7 verdi<br \/>\n<br \/>Do\u011fal Ya\u015fam Park\u0131 Klini\u011fi\u2019ne nakledilen domuz, klinikte detayl\u0131 \u015fekilde tedavi edildi. R\u00f6ntgeni \u00e7ekildikten sonra \u00f6n aya\u011f\u0131nda ate\u015fli silah yaralanmas\u0131na ba\u011fl\u0131 eski bir k\u0131r\u0131k bulundu\u011fu belirlendi. Uzman veteriner hekimler ve teknik ekip taraf\u0131ndan ba\u015flat\u0131lan tedavi, ba\u015far\u0131yla sonu\u00e7land\u0131. Eski sa\u011fl\u0131\u011f\u0131na kavu\u015fan hayvan, yeniden do\u011fal ya\u015fam\u0131na kazand\u0131r\u0131lmak \u00fczere Do\u011fa Koruma ve Milli Parklar Genel M\u00fcd\u00fcrl\u00fc\u011f\u00fc ekiplerine teslim edildi.<\/p>\n<p>Yaban hayat\u0131na \u00f6nemli katk\u0131<br \/>\n<br \/>Yaban hayat\u0131na \u00f6nemli katk\u0131lar\u0131 olan Do\u011fal Ya\u015fam Park\u0131\u2019nda y\u00fczlerce yaban hayvan\u0131 sa\u011fl\u0131\u011f\u0131na kavu\u015ftu. May\u0131s 2024 ile A\u011fustos 2025 tarihleri aras\u0131nda klini\u011fe toplam bin 455 yaral\u0131 yaban hayvan\u0131 kabul edildi. Bunlardan 694\u2019\u00fc tedavi, adaptasyon ve rehabilitasyon s\u00fcre\u00e7leri tamamland\u0131ktan sonra yeniden do\u011fal ya\u015fam alanlar\u0131na b\u0131rak\u0131ld\u0131. T\u00fcm bu \u00e7al\u0131\u015fmalar, Tar\u0131m ve Orman Bakanl\u0131\u011f\u0131 Do\u011fa Koruma ve Milli Parklar Genel M\u00fcd\u00fcrl\u00fc\u011f\u00fc koordinasyonunda, yaban hayat\u0131n\u0131n korunmas\u0131 ve biyolojik \u00e7e\u015fitlili\u011fin devaml\u0131l\u0131\u011f\u0131 a\u00e7\u0131s\u0131ndan b\u00fcy\u00fck \u00f6nem ta\u015f\u0131yor.<br \/><\/p>\n","protected":false},"excerpt":{"rendered":"<p>\u0130zmir B\u00fcy\u00fck\u015fehir Belediyesi ekipleri, ate\u015fli silahla yaraland\u0131\u011f\u0131 belirlenen bir domuzu, bulundu\u011fu yeren kurtararak tedavi alt\u0131na ald\u0131. Uzmanlar\u0131n tedavisi sayesinde eski sa\u011fl\u0131\u011f\u0131na kavu\u015fan domuz, do\u011fal ya\u015fam\u0131na d\u00f6nmek \u00fczere \u00fczere Do\u011fa Koruma ve Milli Parklar Genel M\u00fcd\u00fcrl\u00fc\u011f\u00fc \u0130zmir \u015eube M\u00fcd\u00fcrl\u00fc\u011f\u00fc ekiplerine teslim edildi. \u0130zmir B\u00fcy\u00fck\u015fehir Belediyesi Veteriner \u0130\u015fleri Dairesi Ba\u015fkanl\u0131\u011f\u0131 Do\u011fal Ya\u015fam Park\u0131 \u015eube M\u00fcd\u00fcrl\u00fc\u011f\u00fc veteriner hekimleri,&#8230;<\/p>\n","protected":false},"author":1,"featured_media":51739,"comment_status":"open","ping_status":"open","sticky":false,"template":"","format":"standard","meta":{"_crdt_document":"","footnotes":""},"categories":[1],"tags":[],"class_list":["post-51738","post","type-post","status-publish","format-standard","has-post-thumbnail","hentry","category-guncel"],"_links":{"self":[{"href":"https:\/\/www.egemtv.com\/index.php?rest_route=\/wp\/v2\/posts\/51738","targetHints":{"allow":["GET"]}}],"collection":[{"href":"https:\/\/www.egemtv.com\/index.php?rest_route=\/wp\/v2\/posts"}],"about":[{"href":"https:\/\/www.egemtv.com\/index.php?rest_route=\/wp\/v2\/types\/post"}],"author":[{"embeddable":true,"href":"https:\/\/www.egemtv.com\/index.php?rest_route=\/wp\/v2\/users\/1"}],"replies":[{"embeddable":true,"href":"https:\/\/www.egemtv.com\/index.php?rest_route=%2Fwp%2Fv2%2Fcomments&post=51738"}],"version-history":[{"count":1,"href":"https:\/\/www.egemtv.com\/index.php?rest_route=\/wp\/v2\/posts\/51738\/revisions"}],"predecessor-version":[{"id":51740,"href":"https:\/\/www.egemtv.com\/index.php?rest_route=\/wp\/v2\/posts\/51738\/revisions\/51740"}],"wp:featuredmedia":[{"embeddable":true,"href":"https:\/\/www.egemtv.com\/index.php?rest_route=\/wp\/v2\/media\/51739"}],"wp:attachment":[{"href":"https:\/\/www.egemtv.com\/index.php?rest_route=%2Fwp%2Fv2%2Fmedia&parent=51738"}],"wp:term":[{"taxonomy":"category","embeddable":true,"href":"https:\/\/www.egemtv.com\/index.php?rest_route=%2Fwp%2Fv2%2Fcategories&post=51738"},{"taxonomy":"post_tag","embeddable":true,"href":"https:\/\/www.egemtv.com\/index.php?rest_route=%2Fwp%2Fv2%2Ftags&post=51738"}],"curies":[{"name":"wp","href":"https:\/\/api.w.org\/{rel}","templated":true}]}}