{"id":51735,"date":"2025-08-28T11:55:36","date_gmt":"2025-08-28T08:55:36","guid":{"rendered":"https:\/\/www.egemtv.com\/?p=51735"},"modified":"2025-08-28T11:55:37","modified_gmt":"2025-08-28T08:55:37","slug":"erzurumda-tarih-ve-kultur-kampi-icin-muglali-gencler-yola-cikti","status":"publish","type":"post","link":"https:\/\/www.egemtv.com\/?p=51735","title":{"rendered":"Erzurum\u2019da tarih ve k\u00fclt\u00fcr kamp\u0131 i\u00e7in Mu\u011flal\u0131 gen\u00e7ler yola \u00e7\u0131kt\u0131"},"content":{"rendered":"<p>Mu\u011fla Gen\u00e7lik ve Spor \u0130l M\u00fcd\u00fcrl\u00fc\u011f\u00fc b\u00fcnyesinde faaliyetlerini s\u00fcrd\u00fcren Mu\u011fla Uluslararas\u0131 Gen\u00e7lik Merkezi, 38 g\u00f6n\u00fcll\u00fc genci gen\u00e7lik \u00e7al\u0131\u015fanlar\u0131yla birlikte Erzurum\u2019da d\u00fczenlenen Medeniyet Tarih ve K\u00fclt\u00fcr Kamp\u0131\u2019na u\u011furland\u0131.<\/p>\n<p>Gen\u00e7lik ve Spor Bakanl\u0131\u011f\u0131 taraf\u0131ndan d\u00fczenlenen kamplar, T\u00fcrkiye\u2019nin k\u00fclt\u00fcrel zenginliklerini gen\u00e7lere tan\u0131tmak ve tarihin bilincini yaymak amac\u0131yla hayata ge\u00e7iriliyor. Bu kapsamda Mu\u011fla Uluslararas\u0131 Gen\u00e7lik Merkezi, 38 g\u00f6n\u00fcll\u00fc genci gen\u00e7lik \u00e7al\u0131\u015fanlar\u0131yla birlikte Erzurum\u2019da d\u00fczenlenen Medeniyet Tarih ve K\u00fclt\u00fcr Kamp\u0131\u2019na u\u011furland\u0131.<\/p>\n<p>Kamp boyunca Osmanl\u0131\u2019dan Sel\u00e7uklu\u2019ya, T\u00fcrk-\u0130slam medeniyetlerinin izlerini ke\u015ffetme f\u0131rsat\u0131 sunuluyor. Erzurum Kalesi, Yakutiye Medresesi, Ulu Camii gibi \u00f6nemli yap\u0131lar rehberleri e\u015fli\u011finde ziyaret edilecek. Ayr\u0131ca b\u00f6lgedeki geleneksel ya\u015fam bi\u00e7imleri, halk m\u00fczi\u011fi ve el sanatlar\u0131 da gen\u00e7lere tan\u0131t\u0131lacak.<br \/><\/p>\n","protected":false},"excerpt":{"rendered":"<p>Mu\u011fla Gen\u00e7lik ve Spor \u0130l M\u00fcd\u00fcrl\u00fc\u011f\u00fc b\u00fcnyesinde faaliyetlerini s\u00fcrd\u00fcren Mu\u011fla Uluslararas\u0131 Gen\u00e7lik Merkezi, 38 g\u00f6n\u00fcll\u00fc genci gen\u00e7lik \u00e7al\u0131\u015fanlar\u0131yla birlikte Erzurum\u2019da d\u00fczenlenen Medeniyet Tarih ve K\u00fclt\u00fcr Kamp\u0131\u2019na u\u011furland\u0131. Gen\u00e7lik ve Spor Bakanl\u0131\u011f\u0131 taraf\u0131ndan d\u00fczenlenen kamplar, T\u00fcrkiye\u2019nin k\u00fclt\u00fcrel zenginliklerini gen\u00e7lere tan\u0131tmak ve tarihin bilincini yaymak amac\u0131yla hayata ge\u00e7iriliyor. Bu kapsamda Mu\u011fla Uluslararas\u0131 Gen\u00e7lik Merkezi, 38 g\u00f6n\u00fcll\u00fc genci&#8230;<\/p>\n","protected":false},"author":1,"featured_media":51736,"comment_status":"open","ping_status":"open","sticky":false,"template":"","format":"standard","meta":{"_crdt_document":"","footnotes":""},"categories":[1],"tags":[],"class_list":["post-51735","post","type-post","status-publish","format-standard","has-post-thumbnail","hentry","category-guncel"],"_links":{"self":[{"href":"https:\/\/www.egemtv.com\/index.php?rest_route=\/wp\/v2\/posts\/51735","targetHints":{"allow":["GET"]}}],"collection":[{"href":"https:\/\/www.egemtv.com\/index.php?rest_route=\/wp\/v2\/posts"}],"about":[{"href":"https:\/\/www.egemtv.com\/index.php?rest_route=\/wp\/v2\/types\/post"}],"author":[{"embeddable":true,"href":"https:\/\/www.egemtv.com\/index.php?rest_route=\/wp\/v2\/users\/1"}],"replies":[{"embeddable":true,"href":"https:\/\/www.egemtv.com\/index.php?rest_route=%2Fwp%2Fv2%2Fcomments&post=51735"}],"version-history":[{"count":1,"href":"https:\/\/www.egemtv.com\/index.php?rest_route=\/wp\/v2\/posts\/51735\/revisions"}],"predecessor-version":[{"id":51737,"href":"https:\/\/www.egemtv.com\/index.php?rest_route=\/wp\/v2\/posts\/51735\/revisions\/51737"}],"wp:featuredmedia":[{"embeddable":true,"href":"https:\/\/www.egemtv.com\/index.php?rest_route=\/wp\/v2\/media\/51736"}],"wp:attachment":[{"href":"https:\/\/www.egemtv.com\/index.php?rest_route=%2Fwp%2Fv2%2Fmedia&parent=51735"}],"wp:term":[{"taxonomy":"category","embeddable":true,"href":"https:\/\/www.egemtv.com\/index.php?rest_route=%2Fwp%2Fv2%2Fcategories&post=51735"},{"taxonomy":"post_tag","embeddable":true,"href":"https:\/\/www.egemtv.com\/index.php?rest_route=%2Fwp%2Fv2%2Ftags&post=51735"}],"curies":[{"name":"wp","href":"https:\/\/api.w.org\/{rel}","templated":true}]}}