{"id":51732,"date":"2025-08-28T11:55:35","date_gmt":"2025-08-28T08:55:35","guid":{"rendered":"https:\/\/www.egemtv.com\/?p=51732"},"modified":"2025-08-28T11:55:36","modified_gmt":"2025-08-28T08:55:36","slug":"emet-myoda-kayitlar-1-5-eylul-tarihlerinde-yapilacak","status":"publish","type":"post","link":"https:\/\/www.egemtv.com\/?p=51732","title":{"rendered":"Emet MYO\u2019da kay\u0131tlar 1-5 Eyl\u00fcl tarihlerinde yap\u0131lacak"},"content":{"rendered":"<p>K\u00fctahya Dumlup\u0131nar \u00dcniversitesi\u2019ne ba\u011fl\u0131 Emet Meslek Y\u00fcksekokulu\u2019na 2025-YKS sonu\u00e7lar\u0131na g\u00f6re yerle\u015fen \u00f6\u011frencilerin kay\u0131t tarihleri belirlendi. Kay\u0131t s\u00fcreci Eyl\u00fcl ay\u0131n\u0131n ilk haftas\u0131nda ger\u00e7ekle\u015ftirilecek.<br \/>\n<br \/>\u00d6\u011frenciler kay\u0131tlar\u0131n\u0131 1-3 Eyl\u00fcl 2025 tarihleri aras\u0131nda E-Devlet \u00fczerinden yapabilecek. Belge zorunlulu\u011fu bulunmayan b\u00f6l\u00fcmlerde \u00f6\u011frencilerin i\u015flemlerini E-Devlet \u00fczerinden tamamlamalar\u0131 tavsiye ediliyor. E-devlet \u00fczerinden kay\u0131t yapamayan veya bu y\u00f6ntemi tercih etmeyen \u00f6\u011frenciler ise 1-5 Eyl\u00fcl 2025 tarihleri aras\u0131nda 08,30-12,30 \/ 13,30-17,30 saatleri aras\u0131nda Emet MYO\u2019ya \u015fahsen ba\u015fvurarak kay\u0131tlar\u0131n\u0131 ger\u00e7ekle\u015ftirebilecek.<br \/>\n<br \/>Kay\u0131t s\u00fcreciyle ilgili ayr\u0131nt\u0131l\u0131 bilgilere Dumlup\u0131nar \u00dcniversitesi \u00d6\u011frenci \u0130\u015fleri Daire Ba\u015fkanl\u0131\u011f\u0131\u2019n\u0131n resmi internet sitesinden ula\u015f\u0131labilece\u011fi bildirildi.<br \/><\/p>\n","protected":false},"excerpt":{"rendered":"<p>K\u00fctahya Dumlup\u0131nar \u00dcniversitesi\u2019ne ba\u011fl\u0131 Emet Meslek Y\u00fcksekokulu\u2019na 2025-YKS sonu\u00e7lar\u0131na g\u00f6re yerle\u015fen \u00f6\u011frencilerin kay\u0131t tarihleri belirlendi. Kay\u0131t s\u00fcreci Eyl\u00fcl ay\u0131n\u0131n ilk haftas\u0131nda ger\u00e7ekle\u015ftirilecek. \u00d6\u011frenciler kay\u0131tlar\u0131n\u0131 1-3 Eyl\u00fcl 2025 tarihleri aras\u0131nda E-Devlet \u00fczerinden yapabilecek. Belge zorunlulu\u011fu bulunmayan b\u00f6l\u00fcmlerde \u00f6\u011frencilerin i\u015flemlerini E-Devlet \u00fczerinden tamamlamalar\u0131 tavsiye ediliyor. E-devlet \u00fczerinden kay\u0131t yapamayan veya bu y\u00f6ntemi tercih etmeyen \u00f6\u011frenciler ise 1-5&#8230;<\/p>\n","protected":false},"author":1,"featured_media":51733,"comment_status":"open","ping_status":"open","sticky":false,"template":"","format":"standard","meta":{"_crdt_document":"","footnotes":""},"categories":[1],"tags":[],"class_list":["post-51732","post","type-post","status-publish","format-standard","has-post-thumbnail","hentry","category-guncel"],"_links":{"self":[{"href":"https:\/\/www.egemtv.com\/index.php?rest_route=\/wp\/v2\/posts\/51732","targetHints":{"allow":["GET"]}}],"collection":[{"href":"https:\/\/www.egemtv.com\/index.php?rest_route=\/wp\/v2\/posts"}],"about":[{"href":"https:\/\/www.egemtv.com\/index.php?rest_route=\/wp\/v2\/types\/post"}],"author":[{"embeddable":true,"href":"https:\/\/www.egemtv.com\/index.php?rest_route=\/wp\/v2\/users\/1"}],"replies":[{"embeddable":true,"href":"https:\/\/www.egemtv.com\/index.php?rest_route=%2Fwp%2Fv2%2Fcomments&post=51732"}],"version-history":[{"count":1,"href":"https:\/\/www.egemtv.com\/index.php?rest_route=\/wp\/v2\/posts\/51732\/revisions"}],"predecessor-version":[{"id":51734,"href":"https:\/\/www.egemtv.com\/index.php?rest_route=\/wp\/v2\/posts\/51732\/revisions\/51734"}],"wp:featuredmedia":[{"embeddable":true,"href":"https:\/\/www.egemtv.com\/index.php?rest_route=\/wp\/v2\/media\/51733"}],"wp:attachment":[{"href":"https:\/\/www.egemtv.com\/index.php?rest_route=%2Fwp%2Fv2%2Fmedia&parent=51732"}],"wp:term":[{"taxonomy":"category","embeddable":true,"href":"https:\/\/www.egemtv.com\/index.php?rest_route=%2Fwp%2Fv2%2Fcategories&post=51732"},{"taxonomy":"post_tag","embeddable":true,"href":"https:\/\/www.egemtv.com\/index.php?rest_route=%2Fwp%2Fv2%2Ftags&post=51732"}],"curies":[{"name":"wp","href":"https:\/\/api.w.org\/{rel}","templated":true}]}}