{"id":51726,"date":"2025-08-28T11:55:33","date_gmt":"2025-08-28T08:55:33","guid":{"rendered":"https:\/\/www.egemtv.com\/?p=51726"},"modified":"2025-08-28T11:55:34","modified_gmt":"2025-08-28T08:55:34","slug":"aydinda-30-agustos-zafer-bayrami-coskusu-yasaniyor","status":"publish","type":"post","link":"https:\/\/www.egemtv.com\/?p=51726","title":{"rendered":"Ayd\u0131n\u2019da 30 A\u011fustos Zafer Bayram\u0131 co\u015fkusu ya\u015fan\u0131yor"},"content":{"rendered":"<p>Ayd\u0131n\u2019da 30 A\u011fustos Zafer Bayram\u0131 etkinlikleri kapsam\u0131nda il genelinde \u00e7e\u015fitli spor organizasyonlar\u0131 ger\u00e7ekle\u015ftirildi.<\/p>\n<p>Zafer bayram\u0131 etkinlikleri kapsam\u0131nda; K\u00f6\u015fk \u0130l\u00e7e M\u00fcd\u00fcrl\u00fc\u011f\u00fc taraf\u0131ndan d\u00fczenlenen Hemsball turnuvas\u0131 spor severlerin yo\u011fun ilgisiyle tamamland\u0131.<br \/>\n<br \/>Germencik\u2019te 80. Y\u0131l Spor Salonu\u2019nda d\u00fczenlenen Midi K\u0131zlar Voleybol Turnuvas\u0131 gen\u00e7 sporcular\u0131 bir araya getirdi. Heyecan dolu kar\u015f\u0131la\u015fmalar, voleybol severlere keyifli anlar ya\u015fatt\u0131. Didim\u2019de ise 15-16 Ya\u015f Futbol Turnuvas\u0131 b\u00fcy\u00fck bir co\u015fkuyla ger\u00e7ekle\u015ftirildi. Zafer Bayram\u0131\u2019na yak\u0131\u015f\u0131r \u015fekilde ge\u00e7en m\u00fcsabakalarda sporcular, hem rekabet hem de dostluk ruhunu \u00f6n plana \u00e7\u0131kard\u0131. Gen\u00e7lik ve Spor \u0130l M\u00fcd\u00fcrl\u00fc\u011f\u00fc\u2019nden yap\u0131lan a\u00e7\u0131klamada, &#8220;Etkinliklere kat\u0131lan t\u00fcm sporcular\u0131 tebrik ediyor, bu anlaml\u0131 g\u00fcnde bir arada olman\u0131n mutlulu\u011funu payla\u015f\u0131yoruz&#8221; ifadelerine yer verildi.<br \/><\/p>\n","protected":false},"excerpt":{"rendered":"<p>Ayd\u0131n\u2019da 30 A\u011fustos Zafer Bayram\u0131 etkinlikleri kapsam\u0131nda il genelinde \u00e7e\u015fitli spor organizasyonlar\u0131 ger\u00e7ekle\u015ftirildi. Zafer bayram\u0131 etkinlikleri kapsam\u0131nda; K\u00f6\u015fk \u0130l\u00e7e M\u00fcd\u00fcrl\u00fc\u011f\u00fc taraf\u0131ndan d\u00fczenlenen Hemsball turnuvas\u0131 spor severlerin yo\u011fun ilgisiyle tamamland\u0131. Germencik\u2019te 80. Y\u0131l Spor Salonu\u2019nda d\u00fczenlenen Midi K\u0131zlar Voleybol Turnuvas\u0131 gen\u00e7 sporcular\u0131 bir araya getirdi. Heyecan dolu kar\u015f\u0131la\u015fmalar, voleybol severlere keyifli anlar ya\u015fatt\u0131. Didim\u2019de ise 15-16&#8230;<\/p>\n","protected":false},"author":1,"featured_media":51727,"comment_status":"open","ping_status":"open","sticky":false,"template":"","format":"standard","meta":{"_crdt_document":"","footnotes":""},"categories":[4],"tags":[],"class_list":["post-51726","post","type-post","status-publish","format-standard","has-post-thumbnail","hentry","category-spor"],"_links":{"self":[{"href":"https:\/\/www.egemtv.com\/index.php?rest_route=\/wp\/v2\/posts\/51726","targetHints":{"allow":["GET"]}}],"collection":[{"href":"https:\/\/www.egemtv.com\/index.php?rest_route=\/wp\/v2\/posts"}],"about":[{"href":"https:\/\/www.egemtv.com\/index.php?rest_route=\/wp\/v2\/types\/post"}],"author":[{"embeddable":true,"href":"https:\/\/www.egemtv.com\/index.php?rest_route=\/wp\/v2\/users\/1"}],"replies":[{"embeddable":true,"href":"https:\/\/www.egemtv.com\/index.php?rest_route=%2Fwp%2Fv2%2Fcomments&post=51726"}],"version-history":[{"count":1,"href":"https:\/\/www.egemtv.com\/index.php?rest_route=\/wp\/v2\/posts\/51726\/revisions"}],"predecessor-version":[{"id":51728,"href":"https:\/\/www.egemtv.com\/index.php?rest_route=\/wp\/v2\/posts\/51726\/revisions\/51728"}],"wp:featuredmedia":[{"embeddable":true,"href":"https:\/\/www.egemtv.com\/index.php?rest_route=\/wp\/v2\/media\/51727"}],"wp:attachment":[{"href":"https:\/\/www.egemtv.com\/index.php?rest_route=%2Fwp%2Fv2%2Fmedia&parent=51726"}],"wp:term":[{"taxonomy":"category","embeddable":true,"href":"https:\/\/www.egemtv.com\/index.php?rest_route=%2Fwp%2Fv2%2Fcategories&post=51726"},{"taxonomy":"post_tag","embeddable":true,"href":"https:\/\/www.egemtv.com\/index.php?rest_route=%2Fwp%2Fv2%2Ftags&post=51726"}],"curies":[{"name":"wp","href":"https:\/\/api.w.org\/{rel}","templated":true}]}}