{"id":51723,"date":"2025-08-28T11:55:32","date_gmt":"2025-08-28T08:55:32","guid":{"rendered":"https:\/\/www.egemtv.com\/?p=51723"},"modified":"2025-08-28T11:55:33","modified_gmt":"2025-08-28T08:55:33","slug":"baskan-erdogan-denizli-ve-sektorlerin-nabzini-tutuyor","status":"publish","type":"post","link":"https:\/\/www.egemtv.com\/?p=51723","title":{"rendered":"Ba\u015fkan Erdo\u011fan, Denizli ve sekt\u00f6rlerin nabz\u0131n\u0131 tutuyor"},"content":{"rendered":"<p>Denizli Ticaret Odas\u0131 (DTO) Ba\u015fkan\u0131 U\u011fur Erdo\u011fan, g\u00f6reve geldi\u011fi g\u00fcnden bu yana \u00fcye ziyaretlerine ara vermeden devam ediyor. Bir dizi \u00fcye ve esnaf ziyaretinde bulunan Ba\u015fkan Erdo\u011fan, her biriyle tek tek hasbihal etti;  &#8220;Sizin i\u00e7in var oldu\u011fumuz bilinciyle, \u00fczerimize d\u00fc\u015fen ne varsa yapmaya \u00e7al\u0131\u015f\u0131yoruz. Sizlerin g\u00f6r\u00fc\u015fleri, bizim i\u00e7in \u00e7ok de\u011ferli. 7 g\u00fcn 24 saat hizmetinizdeyiz&#8221; dedi.<\/p>\n<p>DTO Genel Sekreteri Ali R\u0131za Tekin ve \u00d6zel Kalem ve Bas\u0131n Sorumlusu \u00d6mer Alt\u0131nta\u015f ile bir dizi \u00fcye ziyaretinde bulunan DTO Y\u00f6netim Kurulu Ba\u015fkan\u0131 U\u011fur Erdo\u011fan, Serbest Muhasebeci Mali M\u00fc\u015favir ve Kamu G\u00f6zetimi, Muhasebe ve Denetim Standartlar\u0131 Kurumu (KGK) Ba\u011f\u0131ms\u0131z Denet\u00e7isi Taner Atilla ile Serbest Muhasebeci Mali M\u00fc\u015favir e\u015fi Demet Atilla\u2019y\u0131 da ofislerinde ziyaret etti. Gitti\u011fi yerlerde i\u015fletmecilerle \u00e7e\u015fitli konularda g\u00f6r\u00fc\u015fen Ba\u015fkan Erdo\u011fan, varsa \u00f6neri ve isteklerini de dinledi.  Ba\u015fkan Erdo\u011fan, Taner ve Demet Atilla \u00e7ifti ile Baysal \u0130\u015fhan\u0131ndaki ofislerinde g\u00f6r\u00fc\u015ft\u00fc. Muhasebe ve denetim sekt\u00f6rleri ile i\u015f d\u00fcnyas\u0131n\u0131n mevcut \u015fartlar \u00fczerine fikir al\u0131\u015fveri\u015finde bulunan Erdo\u011fan, ofisteki \u00e7al\u0131\u015fanlarla da hasbihal ederek i\u015flerinde kolayl\u0131klar diledi. Mali M\u00fc\u015favir Atilla \u00e7ifti ise Ba\u015fkan Erdo\u011fan\u2019a ziyaretinden dolay\u0131 te\u015fekk\u00fcr etti, takdirle yak\u0131ndan takip ettiklerini s\u00f6yledikleri faaliyetlerinde ba\u015far\u0131lar diledi.<\/p>\n<p>&#8220;\u0130stihdam sa\u011flayan, \u00fcretime ve ticarete y\u00f6n veren \u00fcyelerimizle ve \u00e7al\u0131\u015fkanl\u0131klar\u0131yla gurur duyuyoruz&#8221;<br \/>\n<br \/>DTO Ba\u015fkan\u0131 Erdo\u011fan, Saltak Caddesi ile Bayramyeri\u2019nde faaliyet g\u00f6steren \u00fcyelerine de u\u011frad\u0131; &#8220;hay\u0131rl\u0131 i\u015fler&#8221; dileklerini iletti. Sohbeti s\u0131ras\u0131nda \u00fcyelerinin beklenti ve \u00f6nerilerini de dikkate ald\u0131. Erdo\u011fan, &#8220;\u0130stihdam sa\u011flayan, \u00fcretime ve ticarete y\u00f6n veren \u00fcyelerimizle ve \u00e7al\u0131\u015fkanl\u0131klar\u0131yla gurur duyuyoruz. Onlar\u0131n varl\u0131\u011f\u0131, \u015fehrimizin ekonomik dinamizminin en g\u00fc\u00e7l\u00fc g\u00f6stergesidir. \u00dcyelerimizin her biri, Denizli ekonomisinin b\u00fcy\u00fcmesine de\u011fer katan \u00f6nemli i\u015fletmeler, \u015fehrin de\u011ferli akt\u00f6rleridirler. Her f\u0131rsatta onlar\u0131n g\u00f6r\u00fc\u015flerini ve ihtiya\u00e7lar\u0131n\u0131 sahada birebir dinleyerek odadaki faaliyetlerimize ona g\u00f6re y\u00f6n veriyoruz&#8221; diye konu\u015ftu.<\/p>\n<p>&#8220;\u00dcyelerimizin her birini tek tek ziyaret ediyoruz&#8221;<br \/>\n<br \/>Bug\u00fcne kadar 3 bin 200\u2019\u00fcn \u00fczerinde i\u015fletmeyi bizzat ziyaret etti\u011fini de ifade eden Ba\u015fkan Erdo\u011fan, \u00fcye ziyaretlerinin bundan sonra da aral\u0131ks\u0131z devam edece\u011fini vurgulayarak, bu bulu\u015fmalar\u0131n hem i\u015f d\u00fcnyas\u0131n\u0131n nabz\u0131n\u0131 tutma anlam\u0131nda hem de dayan\u0131\u015fma ve i\u015f birli\u011fi ruhunu peki\u015ftirme a\u00e7\u0131s\u0131ndan b\u00fcy\u00fck \u00f6nem ta\u015f\u0131d\u0131\u011f\u0131n\u0131 belirtti.<br \/><\/p>\n","protected":false},"excerpt":{"rendered":"<p>Denizli Ticaret Odas\u0131 (DTO) Ba\u015fkan\u0131 U\u011fur Erdo\u011fan, g\u00f6reve geldi\u011fi g\u00fcnden bu yana \u00fcye ziyaretlerine ara vermeden devam ediyor. Bir dizi \u00fcye ve esnaf ziyaretinde bulunan Ba\u015fkan Erdo\u011fan, her biriyle tek tek hasbihal etti; &#8220;Sizin i\u00e7in var oldu\u011fumuz bilinciyle, \u00fczerimize d\u00fc\u015fen ne varsa yapmaya \u00e7al\u0131\u015f\u0131yoruz. Sizlerin g\u00f6r\u00fc\u015fleri, bizim i\u00e7in \u00e7ok de\u011ferli. 7 g\u00fcn 24 saat hizmetinizdeyiz&#8221;&#8230;<\/p>\n","protected":false},"author":1,"featured_media":51724,"comment_status":"open","ping_status":"open","sticky":false,"template":"","format":"standard","meta":{"_crdt_document":"","footnotes":""},"categories":[125],"tags":[],"class_list":["post-51723","post","type-post","status-publish","format-standard","has-post-thumbnail","hentry","category-ekonomi"],"_links":{"self":[{"href":"https:\/\/www.egemtv.com\/index.php?rest_route=\/wp\/v2\/posts\/51723","targetHints":{"allow":["GET"]}}],"collection":[{"href":"https:\/\/www.egemtv.com\/index.php?rest_route=\/wp\/v2\/posts"}],"about":[{"href":"https:\/\/www.egemtv.com\/index.php?rest_route=\/wp\/v2\/types\/post"}],"author":[{"embeddable":true,"href":"https:\/\/www.egemtv.com\/index.php?rest_route=\/wp\/v2\/users\/1"}],"replies":[{"embeddable":true,"href":"https:\/\/www.egemtv.com\/index.php?rest_route=%2Fwp%2Fv2%2Fcomments&post=51723"}],"version-history":[{"count":1,"href":"https:\/\/www.egemtv.com\/index.php?rest_route=\/wp\/v2\/posts\/51723\/revisions"}],"predecessor-version":[{"id":51725,"href":"https:\/\/www.egemtv.com\/index.php?rest_route=\/wp\/v2\/posts\/51723\/revisions\/51725"}],"wp:featuredmedia":[{"embeddable":true,"href":"https:\/\/www.egemtv.com\/index.php?rest_route=\/wp\/v2\/media\/51724"}],"wp:attachment":[{"href":"https:\/\/www.egemtv.com\/index.php?rest_route=%2Fwp%2Fv2%2Fmedia&parent=51723"}],"wp:term":[{"taxonomy":"category","embeddable":true,"href":"https:\/\/www.egemtv.com\/index.php?rest_route=%2Fwp%2Fv2%2Fcategories&post=51723"},{"taxonomy":"post_tag","embeddable":true,"href":"https:\/\/www.egemtv.com\/index.php?rest_route=%2Fwp%2Fv2%2Ftags&post=51723"}],"curies":[{"name":"wp","href":"https:\/\/api.w.org\/{rel}","templated":true}]}}