{"id":51714,"date":"2025-08-28T11:34:52","date_gmt":"2025-08-28T08:34:52","guid":{"rendered":"https:\/\/www.egemtv.com\/?p=51714"},"modified":"2025-08-28T11:34:52","modified_gmt":"2025-08-28T08:34:52","slug":"otomobilin-tirla-carpistigi-kazada-4-kisi-yaralandi","status":"publish","type":"post","link":"https:\/\/www.egemtv.com\/?p=51714","title":{"rendered":"Otomobilin t\u0131rla \u00e7arp\u0131\u015ft\u0131\u011f\u0131 kazada 4 ki\u015fi yaraland\u0131"},"content":{"rendered":"<p>Afyonkarahisar\u2019da otomobilin t\u0131ra \u00e7arp\u0131\u015ft\u0131\u011f\u0131 kazada ayn\u0131 aileden 4 ki\u015fi yaraland\u0131.<br \/>\n<br \/>Kaza, Bayat il\u00e7esi Tav\u015fantepe mevkiinde meydana geldi. Edinilen bilgilere g\u00f6re, A.Y., y\u00f6netimindeki 60 ACM 063 plakal\u0131 otomobil hen\u00fcz belirlenemeyen bir sebepten \u00f6t\u00fcr\u00fc Y.A.\u2019n\u0131n kulland\u0131\u011f\u0131 t\u0131ra \u00e7arpt\u0131. Kazada otomobil s\u00fcr\u00fcc\u00fcs\u00fc M.Y., B.M.Y. ve T.Y., yaraland\u0131. Yaral\u0131lar kaza sonras\u0131 \u00e7evredekilerin haber vermesi ile olay yerine gelen ambulanslarla hastanelere kald\u0131r\u0131ld\u0131.<br \/>\n<br \/>Kazan\u0131n ard\u0131ndan jandarma taraf\u0131ndan inceleme ba\u015flat\u0131ld\u0131.<br \/><\/p>\n","protected":false},"excerpt":{"rendered":"<p>Afyonkarahisar\u2019da otomobilin t\u0131ra \u00e7arp\u0131\u015ft\u0131\u011f\u0131 kazada ayn\u0131 aileden 4 ki\u015fi yaraland\u0131. Kaza, Bayat il\u00e7esi Tav\u015fantepe mevkiinde meydana geldi. Edinilen bilgilere g\u00f6re, A.Y., y\u00f6netimindeki 60 ACM 063 plakal\u0131 otomobil hen\u00fcz belirlenemeyen bir sebepten \u00f6t\u00fcr\u00fc Y.A.\u2019n\u0131n kulland\u0131\u011f\u0131 t\u0131ra \u00e7arpt\u0131. Kazada otomobil s\u00fcr\u00fcc\u00fcs\u00fc M.Y., B.M.Y. ve T.Y., yaraland\u0131. Yaral\u0131lar kaza sonras\u0131 \u00e7evredekilerin haber vermesi ile olay yerine gelen ambulanslarla&#8230;<\/p>\n","protected":false},"author":1,"featured_media":51715,"comment_status":"open","ping_status":"open","sticky":false,"template":"","format":"standard","meta":{"_crdt_document":"","footnotes":""},"categories":[5],"tags":[],"class_list":["post-51714","post","type-post","status-publish","format-standard","has-post-thumbnail","hentry","category-asayis"],"_links":{"self":[{"href":"https:\/\/www.egemtv.com\/index.php?rest_route=\/wp\/v2\/posts\/51714","targetHints":{"allow":["GET"]}}],"collection":[{"href":"https:\/\/www.egemtv.com\/index.php?rest_route=\/wp\/v2\/posts"}],"about":[{"href":"https:\/\/www.egemtv.com\/index.php?rest_route=\/wp\/v2\/types\/post"}],"author":[{"embeddable":true,"href":"https:\/\/www.egemtv.com\/index.php?rest_route=\/wp\/v2\/users\/1"}],"replies":[{"embeddable":true,"href":"https:\/\/www.egemtv.com\/index.php?rest_route=%2Fwp%2Fv2%2Fcomments&post=51714"}],"version-history":[{"count":1,"href":"https:\/\/www.egemtv.com\/index.php?rest_route=\/wp\/v2\/posts\/51714\/revisions"}],"predecessor-version":[{"id":51716,"href":"https:\/\/www.egemtv.com\/index.php?rest_route=\/wp\/v2\/posts\/51714\/revisions\/51716"}],"wp:featuredmedia":[{"embeddable":true,"href":"https:\/\/www.egemtv.com\/index.php?rest_route=\/wp\/v2\/media\/51715"}],"wp:attachment":[{"href":"https:\/\/www.egemtv.com\/index.php?rest_route=%2Fwp%2Fv2%2Fmedia&parent=51714"}],"wp:term":[{"taxonomy":"category","embeddable":true,"href":"https:\/\/www.egemtv.com\/index.php?rest_route=%2Fwp%2Fv2%2Fcategories&post=51714"},{"taxonomy":"post_tag","embeddable":true,"href":"https:\/\/www.egemtv.com\/index.php?rest_route=%2Fwp%2Fv2%2Ftags&post=51714"}],"curies":[{"name":"wp","href":"https:\/\/api.w.org\/{rel}","templated":true}]}}