{"id":51711,"date":"2025-08-28T11:34:51","date_gmt":"2025-08-28T08:34:51","guid":{"rendered":"https:\/\/www.egemtv.com\/?p=51711"},"modified":"2025-08-28T11:34:51","modified_gmt":"2025-08-28T08:34:51","slug":"manisali-ogrenciler-dogada-eglenerek-ogreniyor","status":"publish","type":"post","link":"https:\/\/www.egemtv.com\/?p=51711","title":{"rendered":"Manisal\u0131 \u00f6\u011frenciler do\u011fada e\u011flenerek \u00f6\u011freniyor"},"content":{"rendered":"<p>Manisa\u2019n\u0131n Akhisar il\u00e7esinde faaliyet g\u00f6steren &#8220;Kendin Yap At\u00f6lyesi&#8221;, \u00f6\u011frencilerine do\u011fa ile i\u00e7 i\u00e7e bir ortamda yaparak ya\u015fayarak \u00f6\u011frenme f\u0131rsat\u0131 sunuyor. T\u00fcrkiye Y\u00fczy\u0131l\u0131 Maarif Modeli prensiplerine uygun olarak d\u00fczenlenen at\u00f6lye, k\u0131sa s\u00fcrede her ya\u015ftan \u00f6\u011frencinin ilgi oda\u011f\u0131 oldu.<br \/>\n<br \/>\u00dc\u00e7\u00fc tam zamanl\u0131 olmak \u00fczere toplam 14 \u00f6\u011fretmenin rehberli\u011finde, 2024-2025 e\u011fitim \u00f6\u011fretim y\u0131l\u0131nda anaokulundan liseye kadar 1420 \u00f6\u011frenci robotik kodlama, 3D tasar\u0131m, ak\u0131l ve zeka oyunlar\u0131, sanat-tasar\u0131m, sanal ger\u00e7eklik ve greenbox teknolojileriyle tan\u0131\u015ft\u0131. Yeti\u015fkinler de sene boyunca a\u00e7\u0131lan 44 kurstan yararlanarak ki\u015fisel geli\u015fimlerine katk\u0131 sa\u011flad\u0131.<\/p>\n<p>Sebze adas\u0131ndan yemek program\u0131na<br \/>\n<br \/>At\u00f6lye bah\u00e7esinde kurulan sebze adalar\u0131nda kendi \u00fcr\u00fcnlerini yeti\u015ftiren \u00f6\u011frenciler, hasat ettikleri sebzelerle yemekler haz\u0131rl\u0131yor. Greenbox st\u00fcdyosunda bu yemekleri televizyon program\u0131 format\u0131nda kaydeden \u00f6\u011frenciler, tar\u0131msal \u00fcretim bilinciyle birlikte medya becerileri de kazan\u0131yor.<\/p>\n<p>Kodlama ile otonom sulama<br \/>\n<br \/>\u00d6\u011frencilerin en dikkat \u00e7ekici projelerinden biri ise sebze adalar\u0131n\u0131n sulamas\u0131n\u0131 otomatikle\u015ftiren &#8220;otonom sulama sistemi&#8221; oldu. Kodlama derslerinde \u00f6\u011frendikleri bilgileri uygulayan \u00f6\u011frenciler, STEM temelli bir yakla\u015f\u0131mla bah\u00e7edeki sulamay\u0131 tamamen dijital olarak kontrol edebilir hale getirdi.<\/p>\n<p>Bah\u00e7ede sinema, k\u00fct\u00fcphane ve hayvanat bah\u00e7esi<br \/>\n<br \/>At\u00f6lye bah\u00e7esinde Botanik Bah\u00e7esi, Mini Hayvanat Bah\u00e7esi, Arkeolojik Kaz\u0131 Alan\u0131, A\u00e7\u0131k Hava Sinemas\u0131, A\u00e7\u0131k Hava K\u00fct\u00fcphanesi ve Karavan At\u00f6lye gibi alanlar yer al\u0131yor. \u00d6\u011frenciler bu b\u00f6l\u00fcmlerde hem do\u011fa hem de k\u00fclt\u00fcrle i\u00e7 i\u00e7e bir \u00f6\u011frenme deneyimi ya\u015f\u0131yor.<\/p>\n<p>Ulusal ve uluslararas\u0131 ba\u015far\u0131lar<br \/>\n<br \/>&#8220;Kendin Yap At\u00f6lyesi&#8221; \u00f6\u011frencileri, T\u00dcB\u0130TAK Bilim Fuarlar\u0131, TEKNOFEST, robotik yar\u0131\u015fmalar ve uluslararas\u0131 zek\u00e2 oyunlar\u0131 yar\u0131\u015fmalar\u0131nda elde ettikleri derecelerle hem Manisa\u2019y\u0131 hem de T\u00fcrkiye\u2019yi gururland\u0131rd\u0131.<\/p>\n<p>\u0130l m\u00fcd\u00fcr\u00fcnden \u2019Ye\u015fil Vatan\u2019 vurgusu<br \/>\n<br \/>Manisa \u0130l Mill\u00ee E\u011fitim M\u00fcd\u00fcr\u00fc Mehmet U\u011furelli, Manisa genelinde sa\u011flad\u0131klar\u0131 imk\u00e2nlarla at\u00f6lyeler ba\u015fta olmak \u00fczere halk e\u011fitim merkezleri, mesleki e\u011fitim ve \u00e7\u0131rakl\u0131k e\u011fitimi gibi alternatiflerle e\u011fitimdeki talebe daha geni\u015f bir perdede cevap vermek istediklerini belirtti.<br \/>\n<br \/>&#8220;E\u011fitimde feda edilecek tek bir fert yoktur&#8221; anlay\u0131\u015f\u0131yla \u00e7al\u0131\u015ft\u0131klar\u0131n\u0131 ifade eden M\u00fcd\u00fcr U\u011furelli, s\u00f6zlerini \u015f\u00f6yle s\u00fcrd\u00fcrd\u00fc:<br \/>\n<br \/>&#8220;Milli E\u011fitim Bakan\u0131m\u0131z Say\u0131n Yusuf Tekin\u2019in nigahb\u00e2nl\u0131\u011f\u0131nda uygulanan T\u00fcrkiye Y\u00fczy\u0131l\u0131 Maarif Modeli sayesinde \u00f6\u011frencilerimizin gizil kabiliyetlerini daha rahat ke\u015ffetme imk\u00e2n\u0131 bulduk. \u00d6\u011frencilerimiz, bu model sayesinde \u00f6\u011fretmenlerinin rehberli\u011finde ara\u015ft\u0131ran, soran, yeni ke\u015fifler \u00fczerine kafa yoran, \u00fcretti\u011fini \u00e7evresine sunabilen, \u00f6\u011frenme yolculu\u011fu boyunca yaparak ya\u015fayarak deneyim elde eden ve bu sayede daha kal\u0131c\u0131 \u00f6\u011frenme imk\u00e2n\u0131na kavu\u015ftular.T\u00fcrkiye Y\u00fczy\u0131l\u0131 Maarif Modeli Erdem-De\u011fer-Eylem \u00c7er\u00e7evesi kapsam\u0131nda ifade edilen duyarl\u0131l\u0131k de\u011feri sayesinde \u00e7evreye ve canl\u0131lara de\u011fer vermek eyleminin g\u00fczel bir neticesini bu at\u00f6lyemizde g\u00f6rebiliyoruz.\u00d6\u011frencilerimizin sene i\u00e7indeki bu \u00e7al\u0131\u015fmalar\u0131 Ye\u015fil Vatan duyarl\u0131l\u0131\u011f\u0131n\u0131n olu\u015fmas\u0131n\u0131 sa\u011flad\u0131. Bu duyarl\u0131l\u0131\u011f\u0131n \u00f6nemini yaz\u0131n ya\u015fanan orman yang\u0131nlar\u0131 ile bir kez daha g\u00f6rm\u00fc\u015f olduk. Ayr\u0131ca \u00f6\u011frencilerimizin at\u00f6lyemize velileri ile birlikte gelmesi, Cumhurba\u015fkan\u0131m\u0131z Say\u0131n Recep Tayyip Erdo\u011fan\u2019\u0131n tensipleriyle 2025 y\u0131l\u0131 i\u00e7in ilan edilen Aile Y\u0131l\u0131 temas\u0131yla da gayet uyumlu.T\u00fcrkiye Y\u00fczy\u0131l\u0131 Maarif modeli, \u00e7ocuklar\u0131n aileleriyle ge\u00e7irdi\u011fi nitelikli zaman\u0131n art\u0131r\u0131lmas\u0131n\u0131 \u00f6ng\u00f6r\u00fcyor. Bununla beraber do\u011fa ile i\u00e7 i\u00e7e olan \u00f6\u011frencilerimizin dijital risklerden uzak bir ortamda aileleriyle birlikte vakit ge\u00e7irmeleri, aile kurumunun g\u00fc\u00e7lenmesine ve korunmas\u0131 ilkesine hizmet ediyor. \u00d6\u011frencilerimizi, onlara e\u015flik eden velilerimizi, \u00f6\u011frencilerimize rehberlik eden \u00f6\u011fretmenlerimizi ve destek olan idarecilerimizi tebrik ediyorum.&#8221;<br \/><\/p>\n","protected":false},"excerpt":{"rendered":"<p>Manisa\u2019n\u0131n Akhisar il\u00e7esinde faaliyet g\u00f6steren &#8220;Kendin Yap At\u00f6lyesi&#8221;, \u00f6\u011frencilerine do\u011fa ile i\u00e7 i\u00e7e bir ortamda yaparak ya\u015fayarak \u00f6\u011frenme f\u0131rsat\u0131 sunuyor. T\u00fcrkiye Y\u00fczy\u0131l\u0131 Maarif Modeli prensiplerine uygun olarak d\u00fczenlenen at\u00f6lye, k\u0131sa s\u00fcrede her ya\u015ftan \u00f6\u011frencinin ilgi oda\u011f\u0131 oldu. \u00dc\u00e7\u00fc tam zamanl\u0131 olmak \u00fczere toplam 14 \u00f6\u011fretmenin rehberli\u011finde, 2024-2025 e\u011fitim \u00f6\u011fretim y\u0131l\u0131nda anaokulundan liseye kadar 1420 \u00f6\u011frenci&#8230;<\/p>\n","protected":false},"author":1,"featured_media":51712,"comment_status":"open","ping_status":"open","sticky":false,"template":"","format":"standard","meta":{"_crdt_document":"","footnotes":""},"categories":[1],"tags":[],"class_list":["post-51711","post","type-post","status-publish","format-standard","has-post-thumbnail","hentry","category-guncel"],"_links":{"self":[{"href":"https:\/\/www.egemtv.com\/index.php?rest_route=\/wp\/v2\/posts\/51711","targetHints":{"allow":["GET"]}}],"collection":[{"href":"https:\/\/www.egemtv.com\/index.php?rest_route=\/wp\/v2\/posts"}],"about":[{"href":"https:\/\/www.egemtv.com\/index.php?rest_route=\/wp\/v2\/types\/post"}],"author":[{"embeddable":true,"href":"https:\/\/www.egemtv.com\/index.php?rest_route=\/wp\/v2\/users\/1"}],"replies":[{"embeddable":true,"href":"https:\/\/www.egemtv.com\/index.php?rest_route=%2Fwp%2Fv2%2Fcomments&post=51711"}],"version-history":[{"count":1,"href":"https:\/\/www.egemtv.com\/index.php?rest_route=\/wp\/v2\/posts\/51711\/revisions"}],"predecessor-version":[{"id":51713,"href":"https:\/\/www.egemtv.com\/index.php?rest_route=\/wp\/v2\/posts\/51711\/revisions\/51713"}],"wp:featuredmedia":[{"embeddable":true,"href":"https:\/\/www.egemtv.com\/index.php?rest_route=\/wp\/v2\/media\/51712"}],"wp:attachment":[{"href":"https:\/\/www.egemtv.com\/index.php?rest_route=%2Fwp%2Fv2%2Fmedia&parent=51711"}],"wp:term":[{"taxonomy":"category","embeddable":true,"href":"https:\/\/www.egemtv.com\/index.php?rest_route=%2Fwp%2Fv2%2Fcategories&post=51711"},{"taxonomy":"post_tag","embeddable":true,"href":"https:\/\/www.egemtv.com\/index.php?rest_route=%2Fwp%2Fv2%2Ftags&post=51711"}],"curies":[{"name":"wp","href":"https:\/\/api.w.org\/{rel}","templated":true}]}}