{"id":51705,"date":"2025-08-28T10:54:48","date_gmt":"2025-08-28T07:54:48","guid":{"rendered":"https:\/\/www.egemtv.com\/?p=51705"},"modified":"2025-08-28T10:54:48","modified_gmt":"2025-08-28T07:54:48","slug":"dpu-simav-meslek-yuksekokulunda-gorev-degisimi","status":"publish","type":"post","link":"https:\/\/www.egemtv.com\/?p=51705","title":{"rendered":"DP\u00dc Simav Meslek Y\u00fcksekokulu\u2019nda g\u00f6rev de\u011fi\u015fimi"},"content":{"rendered":"<p>K\u00fctahya Dumlup\u0131nar \u00dcniversitesi (DP\u00dc) Simav Meslek Y\u00fcksekokulu M\u00fcd\u00fcrl\u00fc\u011f\u00fcne atanan Prof. Dr. Sait D\u00fcndar Sofuo\u011flu, d\u00fczenlenen t\u00f6renle g\u00f6revi Prof. Dr. Alaattin Ka\u00e7al\u2019dan devrald\u0131.<br \/>\n<br \/>M\u00fcd\u00fcrl\u00fck makam\u0131nda ger\u00e7ekle\u015ftirilen devir teslim t\u00f6renine DP\u00dc Rekt\u00f6r\u00fc Prof. Dr. S\u00fcleyman K\u0131z\u0131ltoprak, g\u00f6revini devreden Prof. Dr. Alaattin Ka\u00e7al, yeni m\u00fcd\u00fcr Prof. Dr. Sait D\u00fcndar Sofuo\u011flu, meslek y\u00fcksekokulu personeli ve \u00fcniversitenin \u00e7al\u0131\u015fmalar\u0131na destek veren i\u015f insan\u0131 \u015eeref Kazc\u0131o\u011flu kat\u0131ld\u0131.<br \/>\n<br \/>T\u00f6rende konu\u015fan Rekt\u00f6r Prof. Dr. S\u00fcleyman K\u0131z\u0131ltoprak, g\u00f6rev s\u00fcresi boyunca \u00f6zverili \u00e7al\u0131\u015fmalarda bulunan Prof. Dr. Alaattin Ka\u00e7al\u2019a te\u015fekk\u00fcr ederek, yeni g\u00f6revine ba\u015flayan Prof. Dr. Sait D\u00fcndar Sofuo\u011flu\u2019na ba\u015far\u0131lar diledi.<br \/>\n<br \/>Rekt\u00f6r K\u0131z\u0131ltoprak, devir teslim s\u00fcrecinin Simav Meslek Y\u00fcksekokulu i\u00e7in hay\u0131rl\u0131 olmas\u0131n\u0131 temenni etti.<br \/><\/p>\n","protected":false},"excerpt":{"rendered":"<p>K\u00fctahya Dumlup\u0131nar \u00dcniversitesi (DP\u00dc) Simav Meslek Y\u00fcksekokulu M\u00fcd\u00fcrl\u00fc\u011f\u00fcne atanan Prof. Dr. Sait D\u00fcndar Sofuo\u011flu, d\u00fczenlenen t\u00f6renle g\u00f6revi Prof. Dr. Alaattin Ka\u00e7al\u2019dan devrald\u0131. M\u00fcd\u00fcrl\u00fck makam\u0131nda ger\u00e7ekle\u015ftirilen devir teslim t\u00f6renine DP\u00dc Rekt\u00f6r\u00fc Prof. Dr. S\u00fcleyman K\u0131z\u0131ltoprak, g\u00f6revini devreden Prof. Dr. Alaattin Ka\u00e7al, yeni m\u00fcd\u00fcr Prof. Dr. Sait D\u00fcndar Sofuo\u011flu, meslek y\u00fcksekokulu personeli ve \u00fcniversitenin \u00e7al\u0131\u015fmalar\u0131na destek veren&#8230;<\/p>\n","protected":false},"author":1,"featured_media":51706,"comment_status":"open","ping_status":"open","sticky":false,"template":"","format":"standard","meta":{"_crdt_document":"","footnotes":""},"categories":[1],"tags":[],"class_list":["post-51705","post","type-post","status-publish","format-standard","has-post-thumbnail","hentry","category-guncel"],"_links":{"self":[{"href":"https:\/\/www.egemtv.com\/index.php?rest_route=\/wp\/v2\/posts\/51705","targetHints":{"allow":["GET"]}}],"collection":[{"href":"https:\/\/www.egemtv.com\/index.php?rest_route=\/wp\/v2\/posts"}],"about":[{"href":"https:\/\/www.egemtv.com\/index.php?rest_route=\/wp\/v2\/types\/post"}],"author":[{"embeddable":true,"href":"https:\/\/www.egemtv.com\/index.php?rest_route=\/wp\/v2\/users\/1"}],"replies":[{"embeddable":true,"href":"https:\/\/www.egemtv.com\/index.php?rest_route=%2Fwp%2Fv2%2Fcomments&post=51705"}],"version-history":[{"count":1,"href":"https:\/\/www.egemtv.com\/index.php?rest_route=\/wp\/v2\/posts\/51705\/revisions"}],"predecessor-version":[{"id":51707,"href":"https:\/\/www.egemtv.com\/index.php?rest_route=\/wp\/v2\/posts\/51705\/revisions\/51707"}],"wp:featuredmedia":[{"embeddable":true,"href":"https:\/\/www.egemtv.com\/index.php?rest_route=\/wp\/v2\/media\/51706"}],"wp:attachment":[{"href":"https:\/\/www.egemtv.com\/index.php?rest_route=%2Fwp%2Fv2%2Fmedia&parent=51705"}],"wp:term":[{"taxonomy":"category","embeddable":true,"href":"https:\/\/www.egemtv.com\/index.php?rest_route=%2Fwp%2Fv2%2Fcategories&post=51705"},{"taxonomy":"post_tag","embeddable":true,"href":"https:\/\/www.egemtv.com\/index.php?rest_route=%2Fwp%2Fv2%2Ftags&post=51705"}],"curies":[{"name":"wp","href":"https:\/\/api.w.org\/{rel}","templated":true}]}}