{"id":51702,"date":"2025-08-28T10:54:47","date_gmt":"2025-08-28T07:54:47","guid":{"rendered":"https:\/\/www.egemtv.com\/?p=51702"},"modified":"2025-08-28T10:54:47","modified_gmt":"2025-08-28T07:54:47","slug":"namet-ates-birinci-amacimiz-oyuncu-gelisimi","status":"publish","type":"post","link":"https:\/\/www.egemtv.com\/?p=51702","title":{"rendered":"Namet Ate\u015f: &#8220;Birinci amac\u0131m\u0131z oyuncu geli\u015fimi&#8221;"},"content":{"rendered":"<p>Alt\u0131nordu Teknik Direkt\u00f6r\u00fc Namet Ate\u015f, oyuncu geli\u015fimlerinin kul\u00fcp i\u00e7in \u00f6nemiyle ilgili,  &#8220;Oyuncular\u0131n performans\u0131ndan, taktik disipline ba\u011fl\u0131 kalmalar\u0131ndan kazanmak i\u00e7in ortaya koyduklar\u0131 m\u00fccadeleden \u00e7ok memnunuz. Bu oyunu geli\u015ftirmeye \u00e7al\u0131\u015f\u0131yoruz. Tabii ki bu oyunun, oyuncuyu da geli\u015ftirece\u011fini d\u00fc\u015f\u00fcn\u00fcyoruz. Bizim birinci amac\u0131m\u0131z oyuncu geli\u015fimi&#8221; dedi.<br \/>\n<br \/>TFF 2. Lig Beyaz Grup ekiplerinden Alt\u0131nordu\u2019nun Teknik Direkt\u00f6r\u00fc Namet Ate\u015f, \u0130skenderunspor ma\u00e7\u0131 \u00f6ncesi kul\u00fcp televizyonuna a\u00e7\u0131klamalarda bulundu. Ligin ilk haftas\u0131nda 1-1 berabere kal\u0131nan Erbaaspor m\u00fccadelesinin de\u011ferlendirmesini yapan Ate\u015f, &#8220;Ma\u00e7 \u00f6ncesi haz\u0131rl\u0131klar\u0131m\u0131z, rakiple ilgili yapt\u0131\u011f\u0131m\u0131z analizler, bizim kendi tak\u0131m\u0131m\u0131zdaki beklentilerimiz oyunsal anlamda bize cevap verdi diye d\u00fc\u015f\u00fcn\u00fcyorum. \u00c7\u00fcnk\u00fc daha ma\u00e7\u0131n ba\u015f\u0131nda yakalam\u0131\u015f oldu\u011fumuz pozisyon vard\u0131. Arkas\u0131ndan oyunsal anlamda oyunu ele ge\u00e7irdik. Hem ge\u00e7i\u015flerde, hem h\u0131zl\u0131 h\u00fccumlarda, hem de geride oyun kurmadan \u00e7ok ba\u015far\u0131l\u0131 oldu\u011fumuz noktalar var. Bu noktalar\u0131n tabi ki bize skor olarak d\u00f6nmesi i\u00e7in \u00e7ok b\u00fcy\u00fck \u00e7abaya girdik. Skoru da yakalad\u0131k. Daha sonraki rakibin \u00e7abas\u0131 asl\u0131nda bizi zor durumda b\u0131rakmad\u0131. Penalt\u0131 pozisyonunda kalecimizin hatal\u0131 \u00e7\u0131k\u0131\u015f\u0131 penalt\u0131ya neden oldu&#8221; ifadelerini kulland\u0131.<\/p>\n<p>&#8220;4 oyuncu ceza sahas\u0131n\u0131n i\u00e7inde yer al\u0131yor&#8221;<br \/>\n<br \/>Erbaaspor\u2019un kazand\u0131\u011f\u0131 penalt\u0131n\u0131n kullan\u0131\u015f\u0131nda bir ihlal oldu\u011funu belirten Ate\u015f, &#8220;Penalt\u0131n\u0131n kullan\u0131lmas\u0131nda art\u0131k \u00f6zellikle alt liglerde, \u00e7\u00fcnk\u00fc VAR sistemi yok. Bu kadar da hakem say\u0131s\u0131n\u0131n fazla oldu\u011fu bir ma\u00e7 organizasyonda bence dikkat etmesi gerekiyor. Bununla ilgili hakem arkada\u015flarla yapt\u0131\u011f\u0131m\u0131z g\u00f6r\u00fc\u015fmede de dile getirdikleri nokta \u015fu; D\u00f6nen topu, kaleciden d\u00f6nen topu, e\u011fer kalecinin aya\u011f\u0131 \u00e7izgideyse, d\u00f6nen topu tamamlayan oyuncunun erken sahaya dahil olmamas\u0131 gerekiyor. Yani bu \u00e7ok b\u00fcy\u00fck bir haks\u0131zl\u0131\u011fa neden oluyor. Ama g\u00f6r\u00fcnt\u00fcler net bir \u015fekilde g\u00f6steriyor ki d\u00f6rt tane oyuncu belirgin bir \u015fekilde ceza sahas\u0131n\u0131n i\u00e7inde. Ve bunlardan biri de gol\u00fc yapan oyuncu. Tabii ki bizim buradaki galibiyet iste\u011fimizi bir mazeret olarak belirtme \u015fans\u0131m\u0131z yok. Zaten kul\u00fcb\u00fcm\u00fcz gere\u011fi, Alt\u0131nordu\u2019nun ne bir teknik direkt\u00f6r\u00fc, ne bir \u00e7al\u0131\u015fan\u0131n kaybedilen puan\u0131n mazereti hakem olarak g\u00f6stermez. Belirtmek istedi\u011fimiz \u015fey \u015fu, biz iyi bir oyun ortaya koyduk. Transfer yasa\u011f\u0131 olmay\u0131p, \u00f6z kaynaklar\u0131yla m\u00fccadele eden ve 20 ya\u015f ortalamas\u0131yla sahada bulunan bir tak\u0131m\u0131n ortaya koydu\u011fu oyunun kar\u015f\u0131l\u0131\u011f\u0131n\u0131, skoru da bulmu\u015fken bunu koruyup bu \u015fekilde bitirmek istiyorduk&#8221; diye konu\u015ftu.<\/p>\n<p>&#8220;Oyuncular\u0131m\u0131n performans\u0131ndan memnunum&#8221;<br \/>\n<br \/>Erbaaspor ile oynanan ma\u00e7ta futbolcular\u0131m\u0131z\u0131n performans\u0131ndan memnun oldu\u011funu kaydeden gen\u00e7 teknik adam, &#8220;Oyuncular\u0131n performans\u0131ndan, taktik disipline ba\u011fl\u0131 kalmalar\u0131ndan kazanmak i\u00e7in ortaya koyduklar\u0131 m\u00fccadeleden \u00e7ok memnunuz. Bu oyunu geli\u015ftirmeye \u00e7al\u0131\u015f\u0131yoruz. Tabii ki bu oyunun, oyuncuyu da geli\u015ftirece\u011fini d\u00fc\u015f\u00fcn\u00fcyoruz. Bizim birinci amac\u0131m\u0131z oyuncu geli\u015fimi. Oyun tarz\u0131m\u0131z\u0131 da buna y\u00f6nelik zaten \u015fekillendiriyoruz. Hem oyuncular\u0131m\u0131zdan memnunuz hem de oyundan memnun kald\u0131k diyebilirim. Gen\u00e7 oyuncular sahada oldu\u011fu zaman bir belirsizlik do\u011far. Nas\u0131l bir performans verebilir diye gen\u00e7 oyuncu hangi tak\u0131mda olursa olsun sahadaysa bir belirsizlik ortaya \u00e7\u0131kar. Yaln\u0131z biz bu oyuncularla o kadar uzun y\u0131llar \u00e7al\u0131\u015ft\u0131k ki, o oyuncularda ne alabilece\u011fimizi, hangi durumlarda d\u00fc\u015febilecekleri, hangi durumlarda deste\u011fe ihtiya\u00e7 olabileceklerini iyi tahmin edebiliyoruz. Biz bu y\u00fczden de belirsizlikleri ortadan kald\u0131racak bir oyun format\u0131yla sahaya \u00e7\u0131kt\u0131k. Bu kadar k\u0131sa s\u00fcrede farkl\u0131 bir formasyonla da sahaya \u00e7\u0131kt\u0131k. K\u0131sa bir s\u00fcrede buna uyum sa\u011flay\u0131p bu performans\u0131 ortaya koymalar\u0131 inan\u0131lmaz derecede \u00e7ocuklar\u0131m\u0131z\u0131n belirgin bir \u015fekilde baz\u0131 \u015feylere haz\u0131r oldu\u011funu g\u00f6steriyor. Tabii ki \u015furada \u015f\u00f6yle bir avantaj\u0131m\u0131z da var. Alt\u0131nordu, \u00d6z Kaynak Sistemi\u2019nde oyuncular b\u00fct\u00fcn formasyonlar\u0131 \u00e7al\u0131\u015f\u0131yorlar. Her formasyonla sahaya \u00e7\u0131k\u0131yorlar ve uzun y\u0131llar de\u011fi\u015fen \u015fartlara k\u0131sa s\u00fcrede ayak uydurabilmek \u00fczerine geli\u015ftiriliyorlar. Hatta taktik tan\u0131m\u0131m\u0131z bile de\u011fi\u015fen \u015fartlara k\u0131sa s\u00fcrede uyum sa\u011flama becerisi diye ge\u00e7iyor. O y\u00fczden de o k\u0131sa s\u00fcredeki de\u011fi\u015fimdeki 6 farkl\u0131 oyuncunun sahada olmas\u0131, ilk defa \u00f6zel ma\u00e7larda dahi 90 dakika sahada yer almalar\u0131 bu de\u011fi\u015fen \u015fartlard\u0131. Rakibin belirsizli\u011fi, ne yapaca\u011f\u0131n\u0131n belirsizli\u011fi ilk ma\u00e7 olmas\u0131 itibariyle bu kadar belirsizli\u011finin oldu\u011fu yerde oyuncular \u00e7ok k\u0131sa s\u00fcrede adapte oldular ve uyum sa\u011flad\u0131lar. Bu da oyunsal anlamda geri d\u00f6n\u00fckleri de bize izleyenlerin veya yay\u0131n daha sonra takip edenlerin s\u00f6yledikleri \u015fey \u015fu. Sahada iyi bir oyun vard\u0131, etkili oyuncular vard\u0131 ve skor farkl\u0131 da olabilirdi. Zorluk derecesi her ge\u00e7en g\u00fcn artacakt\u0131r. \u00d6zellikle ilk ma\u00e7lar oynand\u0131ktan sonra rakipler birbirlerini daha \u00e7ok tan\u0131maya ba\u015fl\u0131yor. Bu arada da transfer s\u00fcreci devam ediyor. Transfer a\u00e7\u0131k bir durum s\u00f6z konusu. Rakipten de tak\u0131ma yeni oyuncular da dahil olabilir&#8221; \u015feklinde konu\u015ftu.<\/p>\n<p>&#8220;Her iki tak\u0131m i\u00e7in de iyi bir ma\u00e7 olaca\u011f\u0131n\u0131 d\u00fc\u015f\u00fcn\u00fcyorum&#8221;<br \/>\n<br \/>Ate\u015f, cumartesi g\u00fcn\u00fc oynayacaklar\u0131 \u0130skenderunspor ma\u00e7\u0131 ile ilgili, &#8220;Rakip, mevcut kadrolar\u0131 zaten lig oynam\u0131\u015f, tecr\u00fcbeli oyunculardan kurulu bir tak\u0131m. \u0130skenderun tak\u0131m\u0131 her zaman oyun oynamaya \u00e7al\u0131\u015fan bir tak\u0131md\u0131r. Bu oyun oynamaya \u00e7al\u0131\u015fan tak\u0131mlara kar\u015f\u0131 da bizle oyun oynamaya \u00e7al\u0131\u015fan bir tak\u0131m\u0131z. Seyir zevki y\u00fcksek olaca\u011f\u0131n\u0131 d\u00fc\u015f\u00fcn\u00fcyorum. Cuma\u2019ya kadar \u00e7al\u0131\u015fmalar\u0131m\u0131z\u0131 devam edip ilk deplasman\u0131m\u0131z\u0131 ger\u00e7ekle\u015ftirece\u011fiz. G\u00fczel bir ma\u00e7 olmas\u0131n\u0131 bekliyoruz. Her iki tak\u0131m i\u00e7in de iyi bir ma\u00e7 olaca\u011f\u0131n\u0131 d\u00fc\u015f\u00fcn\u00fcyorum&#8221; diyerek s\u00f6zlerini tamamlad\u0131.<br \/><\/p>\n","protected":false},"excerpt":{"rendered":"<p>Alt\u0131nordu Teknik Direkt\u00f6r\u00fc Namet Ate\u015f, oyuncu geli\u015fimlerinin kul\u00fcp i\u00e7in \u00f6nemiyle ilgili, &#8220;Oyuncular\u0131n performans\u0131ndan, taktik disipline ba\u011fl\u0131 kalmalar\u0131ndan kazanmak i\u00e7in ortaya koyduklar\u0131 m\u00fccadeleden \u00e7ok memnunuz. Bu oyunu geli\u015ftirmeye \u00e7al\u0131\u015f\u0131yoruz. Tabii ki bu oyunun, oyuncuyu da geli\u015ftirece\u011fini d\u00fc\u015f\u00fcn\u00fcyoruz. Bizim birinci amac\u0131m\u0131z oyuncu geli\u015fimi&#8221; dedi. TFF 2. Lig Beyaz Grup ekiplerinden Alt\u0131nordu\u2019nun Teknik Direkt\u00f6r\u00fc Namet Ate\u015f, \u0130skenderunspor ma\u00e7\u0131&#8230;<\/p>\n","protected":false},"author":1,"featured_media":51703,"comment_status":"open","ping_status":"open","sticky":false,"template":"","format":"standard","meta":{"_crdt_document":"","footnotes":""},"categories":[4],"tags":[],"class_list":["post-51702","post","type-post","status-publish","format-standard","has-post-thumbnail","hentry","category-spor"],"_links":{"self":[{"href":"https:\/\/www.egemtv.com\/index.php?rest_route=\/wp\/v2\/posts\/51702","targetHints":{"allow":["GET"]}}],"collection":[{"href":"https:\/\/www.egemtv.com\/index.php?rest_route=\/wp\/v2\/posts"}],"about":[{"href":"https:\/\/www.egemtv.com\/index.php?rest_route=\/wp\/v2\/types\/post"}],"author":[{"embeddable":true,"href":"https:\/\/www.egemtv.com\/index.php?rest_route=\/wp\/v2\/users\/1"}],"replies":[{"embeddable":true,"href":"https:\/\/www.egemtv.com\/index.php?rest_route=%2Fwp%2Fv2%2Fcomments&post=51702"}],"version-history":[{"count":1,"href":"https:\/\/www.egemtv.com\/index.php?rest_route=\/wp\/v2\/posts\/51702\/revisions"}],"predecessor-version":[{"id":51704,"href":"https:\/\/www.egemtv.com\/index.php?rest_route=\/wp\/v2\/posts\/51702\/revisions\/51704"}],"wp:featuredmedia":[{"embeddable":true,"href":"https:\/\/www.egemtv.com\/index.php?rest_route=\/wp\/v2\/media\/51703"}],"wp:attachment":[{"href":"https:\/\/www.egemtv.com\/index.php?rest_route=%2Fwp%2Fv2%2Fmedia&parent=51702"}],"wp:term":[{"taxonomy":"category","embeddable":true,"href":"https:\/\/www.egemtv.com\/index.php?rest_route=%2Fwp%2Fv2%2Fcategories&post=51702"},{"taxonomy":"post_tag","embeddable":true,"href":"https:\/\/www.egemtv.com\/index.php?rest_route=%2Fwp%2Fv2%2Ftags&post=51702"}],"curies":[{"name":"wp","href":"https:\/\/api.w.org\/{rel}","templated":true}]}}