{"id":51699,"date":"2025-08-28T10:54:46","date_gmt":"2025-08-28T07:54:46","guid":{"rendered":"https:\/\/www.egemtv.com\/?p=51699"},"modified":"2025-08-28T10:54:47","modified_gmt":"2025-08-28T07:54:47","slug":"dumlupinar-stadyumu-yeni-sezon-icin-hazir-hale-getiriliyor","status":"publish","type":"post","link":"https:\/\/www.egemtv.com\/?p=51699","title":{"rendered":"Dumlup\u0131nar Stadyumu yeni sezon i\u00e7in haz\u0131r hale getiriliyor"},"content":{"rendered":"<p>K\u00fctahya Gen\u00e7lik ve Spor \u0130l M\u00fcd\u00fcr\u00fc B\u00fclent K\u00fc\u00e7\u00fck, K\u00fctahyaspor Kul\u00fcp Ba\u015fkan\u0131 Osman Alt\u0131nkaya ile birlikte Dumlup\u0131nar Stadyumu\u2019nda devam eden \u00e7al\u0131\u015fmalar\u0131 yerinde inceledi.<br \/>\n<br \/>Trib\u00fcnlerden sahaya, altyap\u0131dan \u00e7evre d\u00fczenlemelerine kadar t\u00fcm detaylar\u0131n h\u0131zla tamamland\u0131\u011f\u0131n\u0131 belirten K\u00fc\u00e7\u00fck, \u00e7al\u0131\u015fmalar\u0131n planlanan takvim do\u011frultusunda ilerledi\u011fini ve stadyumun yeni sezona eksiksiz bir \u015fekilde yeti\u015fece\u011fini s\u00f6yledi.<br \/>\n<br \/>Modern yap\u0131s\u0131yla K\u00fctahya futbolunun kalbi olacak Dumlup\u0131nar Stadyumu\u2019nun sadece bug\u00fcne de\u011fil, gelece\u011fe de hizmet edece\u011fini ifade eden \u0130l M\u00fcd\u00fcr\u00fc K\u00fc\u00e7\u00fck, taraftarlar\u0131n heyecanla bekledi\u011fi a\u00e7\u0131l\u0131\u015f g\u00fcn\u00fcn\u00fcn \u00e7ok yak\u0131nda oldu\u011funu dile getirdi.<br \/><\/p>\n","protected":false},"excerpt":{"rendered":"<p>K\u00fctahya Gen\u00e7lik ve Spor \u0130l M\u00fcd\u00fcr\u00fc B\u00fclent K\u00fc\u00e7\u00fck, K\u00fctahyaspor Kul\u00fcp Ba\u015fkan\u0131 Osman Alt\u0131nkaya ile birlikte Dumlup\u0131nar Stadyumu\u2019nda devam eden \u00e7al\u0131\u015fmalar\u0131 yerinde inceledi. Trib\u00fcnlerden sahaya, altyap\u0131dan \u00e7evre d\u00fczenlemelerine kadar t\u00fcm detaylar\u0131n h\u0131zla tamamland\u0131\u011f\u0131n\u0131 belirten K\u00fc\u00e7\u00fck, \u00e7al\u0131\u015fmalar\u0131n planlanan takvim do\u011frultusunda ilerledi\u011fini ve stadyumun yeni sezona eksiksiz bir \u015fekilde yeti\u015fece\u011fini s\u00f6yledi. Modern yap\u0131s\u0131yla K\u00fctahya futbolunun kalbi olacak Dumlup\u0131nar&#8230;<\/p>\n","protected":false},"author":1,"featured_media":51700,"comment_status":"open","ping_status":"open","sticky":false,"template":"","format":"standard","meta":{"_crdt_document":"","footnotes":""},"categories":[4],"tags":[],"class_list":["post-51699","post","type-post","status-publish","format-standard","has-post-thumbnail","hentry","category-spor"],"_links":{"self":[{"href":"https:\/\/www.egemtv.com\/index.php?rest_route=\/wp\/v2\/posts\/51699","targetHints":{"allow":["GET"]}}],"collection":[{"href":"https:\/\/www.egemtv.com\/index.php?rest_route=\/wp\/v2\/posts"}],"about":[{"href":"https:\/\/www.egemtv.com\/index.php?rest_route=\/wp\/v2\/types\/post"}],"author":[{"embeddable":true,"href":"https:\/\/www.egemtv.com\/index.php?rest_route=\/wp\/v2\/users\/1"}],"replies":[{"embeddable":true,"href":"https:\/\/www.egemtv.com\/index.php?rest_route=%2Fwp%2Fv2%2Fcomments&post=51699"}],"version-history":[{"count":1,"href":"https:\/\/www.egemtv.com\/index.php?rest_route=\/wp\/v2\/posts\/51699\/revisions"}],"predecessor-version":[{"id":51701,"href":"https:\/\/www.egemtv.com\/index.php?rest_route=\/wp\/v2\/posts\/51699\/revisions\/51701"}],"wp:featuredmedia":[{"embeddable":true,"href":"https:\/\/www.egemtv.com\/index.php?rest_route=\/wp\/v2\/media\/51700"}],"wp:attachment":[{"href":"https:\/\/www.egemtv.com\/index.php?rest_route=%2Fwp%2Fv2%2Fmedia&parent=51699"}],"wp:term":[{"taxonomy":"category","embeddable":true,"href":"https:\/\/www.egemtv.com\/index.php?rest_route=%2Fwp%2Fv2%2Fcategories&post=51699"},{"taxonomy":"post_tag","embeddable":true,"href":"https:\/\/www.egemtv.com\/index.php?rest_route=%2Fwp%2Fv2%2Ftags&post=51699"}],"curies":[{"name":"wp","href":"https:\/\/api.w.org\/{rel}","templated":true}]}}