{"id":51696,"date":"2025-08-28T10:54:45","date_gmt":"2025-08-28T07:54:45","guid":{"rendered":"https:\/\/www.egemtv.com\/?p=51696"},"modified":"2025-08-28T10:54:46","modified_gmt":"2025-08-28T07:54:46","slug":"kutahya-yetimlere-sahip-cikmada-turkiye-birincisi-oldu","status":"publish","type":"post","link":"https:\/\/www.egemtv.com\/?p=51696","title":{"rendered":"K\u00fctahya, \u2019Yetimlere sahip \u00e7\u0131kmada\u2019 T\u00fcrkiye birincisi oldu"},"content":{"rendered":"<p>Milli E\u011fitim Bakanl\u0131\u011f\u0131 taraf\u0131ndan y\u00fcr\u00fct\u00fclen yard\u0131m faaliyetleri kapsam\u0131nda K\u00fctahya, \u00f6\u011frenci say\u0131s\u0131na oranla en \u00e7ok yetime sahip \u00e7\u0131kan il olarak T\u00fcrkiye birincili\u011fini elde etti.<br \/>\n<br \/>\u0130stanbul Fatih\u2019te d\u00fczenlenen ve T\u00fcrkiye\u2019nin farkl\u0131 illerinden e\u011fitimciler ile idarecilerin kat\u0131ld\u0131\u011f\u0131 iki g\u00fcnl\u00fck &#8220;\u0130yilikte Yar\u0131\u015fan S\u0131n\u0131flar Projesi \u00c7al\u0131\u015ftay\u0131&#8221;na K\u00fctahya\u2019dan da kat\u0131l\u0131m sa\u011fland\u0131. \u00c7al\u0131\u015ftayda projenin \u00f6\u011frencilerin sosyal, psikolojik, manevi ve akademik geli\u015fimlerine katk\u0131lar\u0131, aile ve toplum yap\u0131s\u0131ndaki etkileri ele al\u0131nd\u0131. Ayr\u0131ca \u00f6\u011fretmen ve \u00f6\u011frencilerin kat\u0131l\u0131m\u0131n\u0131 art\u0131rmaya y\u00f6nelik \u00f6neriler ile Milli E\u011fitim Bakanl\u0131\u011f\u0131 ve STK\u2019lar\u0131n destekleri de\u011ferlendirildi.<br \/>\n<br \/>Kapan\u0131\u015f program\u0131nda kategorilere g\u00f6re \u00f6d\u00fcl ve te\u015fekk\u00fcr belgeleri takdim edildi. K\u00fctahya \u0130l Milli E\u011fitim M\u00fcd\u00fcrl\u00fc\u011f\u00fc ad\u0131na \u00f6d\u00fcl\u00fc, proje il koordinat\u00f6r\u00fc Fatma S\u00f6nmez Acar ald\u0131. K\u00fctahya, 250 yetime sahip \u00e7\u0131karak projeye sundu\u011fu b\u00fcy\u00fck katk\u0131 nedeniyle te\u015fekk\u00fcr belgesi ile onurland\u0131r\u0131ld\u0131. Ayr\u0131ca Tayland Patani\u2019deki yetimhanede b\u00fcy\u00fcyen bir k\u0131z \u00e7ocu\u011funun hayalini resmetti\u011fi tablo, anlaml\u0131 bir hediye olarak K\u00fctahya\u2019ya verildi.<br \/>\n<br \/>K\u00fctahya \u0130l Milli E\u011fitim M\u00fcd\u00fcr\u00fc Mustafa Y\u0131lmaz, K\u00fctahya\u2019n\u0131n ba\u015far\u0131s\u0131ndan duydu\u011fu memnuniyeti dile getirerek eme\u011fi ge\u00e7enlere te\u015fekk\u00fcr etti.<br \/>\n<br \/>Y\u0131lmaz, yetimlere sahip \u00e7\u0131kman\u0131n \u00f6nemine vurgu yaparak, \u00f6\u011frencilerde bu bilincin olu\u015fmas\u0131n\u0131n \u00e7ok k\u0131ymetli oldu\u011funu belirtti.   M\u00fcd\u00fcr Y\u0131lmaz, &#8220;Yetim g\u00fclerse d\u00fcnya g\u00fcler&#8221; anlay\u0131\u015f\u0131yla 2025 y\u0131l\u0131nda da iyilik yar\u0131\u015f\u0131na kararl\u0131l\u0131kla devam edeceklerini ifade etti.<br \/><\/p>\n","protected":false},"excerpt":{"rendered":"<p>Milli E\u011fitim Bakanl\u0131\u011f\u0131 taraf\u0131ndan y\u00fcr\u00fct\u00fclen yard\u0131m faaliyetleri kapsam\u0131nda K\u00fctahya, \u00f6\u011frenci say\u0131s\u0131na oranla en \u00e7ok yetime sahip \u00e7\u0131kan il olarak T\u00fcrkiye birincili\u011fini elde etti. \u0130stanbul Fatih\u2019te d\u00fczenlenen ve T\u00fcrkiye\u2019nin farkl\u0131 illerinden e\u011fitimciler ile idarecilerin kat\u0131ld\u0131\u011f\u0131 iki g\u00fcnl\u00fck &#8220;\u0130yilikte Yar\u0131\u015fan S\u0131n\u0131flar Projesi \u00c7al\u0131\u015ftay\u0131&#8221;na K\u00fctahya\u2019dan da kat\u0131l\u0131m sa\u011fland\u0131. \u00c7al\u0131\u015ftayda projenin \u00f6\u011frencilerin sosyal, psikolojik, manevi ve akademik geli\u015fimlerine katk\u0131lar\u0131,&#8230;<\/p>\n","protected":false},"author":1,"featured_media":51697,"comment_status":"open","ping_status":"open","sticky":false,"template":"","format":"standard","meta":{"_crdt_document":"","footnotes":""},"categories":[123],"tags":[],"class_list":["post-51696","post","type-post","status-publish","format-standard","has-post-thumbnail","hentry","category-gundem"],"_links":{"self":[{"href":"https:\/\/www.egemtv.com\/index.php?rest_route=\/wp\/v2\/posts\/51696","targetHints":{"allow":["GET"]}}],"collection":[{"href":"https:\/\/www.egemtv.com\/index.php?rest_route=\/wp\/v2\/posts"}],"about":[{"href":"https:\/\/www.egemtv.com\/index.php?rest_route=\/wp\/v2\/types\/post"}],"author":[{"embeddable":true,"href":"https:\/\/www.egemtv.com\/index.php?rest_route=\/wp\/v2\/users\/1"}],"replies":[{"embeddable":true,"href":"https:\/\/www.egemtv.com\/index.php?rest_route=%2Fwp%2Fv2%2Fcomments&post=51696"}],"version-history":[{"count":1,"href":"https:\/\/www.egemtv.com\/index.php?rest_route=\/wp\/v2\/posts\/51696\/revisions"}],"predecessor-version":[{"id":51698,"href":"https:\/\/www.egemtv.com\/index.php?rest_route=\/wp\/v2\/posts\/51696\/revisions\/51698"}],"wp:featuredmedia":[{"embeddable":true,"href":"https:\/\/www.egemtv.com\/index.php?rest_route=\/wp\/v2\/media\/51697"}],"wp:attachment":[{"href":"https:\/\/www.egemtv.com\/index.php?rest_route=%2Fwp%2Fv2%2Fmedia&parent=51696"}],"wp:term":[{"taxonomy":"category","embeddable":true,"href":"https:\/\/www.egemtv.com\/index.php?rest_route=%2Fwp%2Fv2%2Fcategories&post=51696"},{"taxonomy":"post_tag","embeddable":true,"href":"https:\/\/www.egemtv.com\/index.php?rest_route=%2Fwp%2Fv2%2Ftags&post=51696"}],"curies":[{"name":"wp","href":"https:\/\/api.w.org\/{rel}","templated":true}]}}