{"id":51693,"date":"2025-08-28T10:54:44","date_gmt":"2025-08-28T07:54:44","guid":{"rendered":"https:\/\/www.egemtv.com\/?p=51693"},"modified":"2025-08-28T10:54:45","modified_gmt":"2025-08-28T07:54:45","slug":"park-duzenlemesinde-apollonun-oglu-asker-yazan-antik-stela-bulundu","status":"publish","type":"post","link":"https:\/\/www.egemtv.com\/?p=51693","title":{"rendered":"Park d\u00fczenlemesinde &#8220;Apollon\u2019un o\u011flu asker&#8221; yazan antik stela bulundu"},"content":{"rendered":"<p>DEN\u0130ZL\u0130 (\u0130HA) \u2013 Denizli\u2019nin \u00c7al il\u00e7esinde yap\u0131lan \u00e7evre d\u00fczenlemesi s\u0131ras\u0131nda, antik d\u00f6neme ait kabartmal\u0131 ta\u015f levha (stela) bulundu. At \u00fczerinde bir insan fig\u00fcr\u00fc bulunan eserin, Apollon\u2019un o\u011fluna ait bir asker tasviri bar\u0131nd\u0131rd\u0131\u011f\u0131 belirlendi.<br \/>\n<br \/>\u00c7al il\u00e7esi \u0130smailler Mahallesi\u2019nde Denizli B\u00fcy\u00fck\u015fehir Belediyesi Park ve Bah\u00e7eler M\u00fcd\u00fcrl\u00fc\u011f\u00fc ekiplerince y\u00fcr\u00fct\u00fclen d\u00fczenleme \u00e7al\u0131\u015fmalar\u0131 s\u0131ras\u0131nda, dolgu toprak i\u00e7erisinde kabartmal\u0131 bir ta\u015f bulundu. Ekiplerin ihbar\u0131 \u00fczerine olay yerine \u00c7al Belediyesi Zab\u0131ta M\u00fcd\u00fcrl\u00fc\u011f\u00fc ve polis ekipleri sevk edildi. \u0130lk tespitlerin ard\u0131ndan durum Denizli M\u00fcze M\u00fcd\u00fcrl\u00fc\u011f\u00fc\u2019ne bildirildi. B\u00f6lgeye gelen uzman ekipler, antik eseri, incelenmek \u00fczere m\u00fczeye g\u00f6t\u00fcr\u00fcld\u00fc. \u00dczerinde asker tasviri ve &#8220;Apollon\u2019un o\u011flu asker&#8221; yaz\u0131s\u0131n\u0131n bulundu\u011fu stelan\u0131n bulundu\u011fu dolgu topra\u011f\u0131n\u0131n, 10 y\u0131l \u00f6nce \u00c7al\u2019\u0131n Kumral mevkiinden getirildi\u011fi \u00f6ne s\u00fcr\u00fcld\u00fc.<br \/>\n<br \/>Eser hakk\u0131nda bilgi veren \u00c7al Belediye Ba\u015fkan\u0131 Ahmet Hakan, &#8220;Mahallemizde park d\u00fczenlemesi s\u0131ras\u0131nda antik d\u00f6neme ait oldu\u011fu d\u00fc\u015f\u00fcn\u00fclen bir ta\u015f levha bulundu. Ekiplerimiz derhal yetkililere bilgi vererek ta\u015f\u0131n g\u00fcvenli bir \u015fekilde m\u00fcze m\u00fcd\u00fcrl\u00fc\u011f\u00fcne teslim edilmesini sa\u011flad\u0131. Bu s\u00fcre\u00e7te \u00f6zveriyle \u00e7al\u0131\u015fan t\u00fcm ekip arkada\u015flar\u0131m\u0131za te\u015fekk\u00fcr ediyorum. \u00c7al, tarih dolu bir il\u00e7emizdir ve bu buluntunun ge\u00e7mi\u015fimize \u0131\u015f\u0131k tutaca\u011f\u0131na inan\u0131yoruz&#8221; dedi.<\/p>\n","protected":false},"excerpt":{"rendered":"<p>DEN\u0130ZL\u0130 (\u0130HA) \u2013 Denizli\u2019nin \u00c7al il\u00e7esinde yap\u0131lan \u00e7evre d\u00fczenlemesi s\u0131ras\u0131nda, antik d\u00f6neme ait kabartmal\u0131 ta\u015f levha (stela) bulundu. At \u00fczerinde bir insan fig\u00fcr\u00fc bulunan eserin, Apollon\u2019un o\u011fluna ait bir asker tasviri bar\u0131nd\u0131rd\u0131\u011f\u0131 belirlendi. \u00c7al il\u00e7esi \u0130smailler Mahallesi\u2019nde Denizli B\u00fcy\u00fck\u015fehir Belediyesi Park ve Bah\u00e7eler M\u00fcd\u00fcrl\u00fc\u011f\u00fc ekiplerince y\u00fcr\u00fct\u00fclen d\u00fczenleme \u00e7al\u0131\u015fmalar\u0131 s\u0131ras\u0131nda, dolgu toprak i\u00e7erisinde kabartmal\u0131 bir ta\u015f&#8230;<\/p>\n","protected":false},"author":1,"featured_media":51694,"comment_status":"open","ping_status":"open","sticky":false,"template":"","format":"standard","meta":{"_crdt_document":"","footnotes":""},"categories":[1],"tags":[],"class_list":["post-51693","post","type-post","status-publish","format-standard","has-post-thumbnail","hentry","category-guncel"],"_links":{"self":[{"href":"https:\/\/www.egemtv.com\/index.php?rest_route=\/wp\/v2\/posts\/51693","targetHints":{"allow":["GET"]}}],"collection":[{"href":"https:\/\/www.egemtv.com\/index.php?rest_route=\/wp\/v2\/posts"}],"about":[{"href":"https:\/\/www.egemtv.com\/index.php?rest_route=\/wp\/v2\/types\/post"}],"author":[{"embeddable":true,"href":"https:\/\/www.egemtv.com\/index.php?rest_route=\/wp\/v2\/users\/1"}],"replies":[{"embeddable":true,"href":"https:\/\/www.egemtv.com\/index.php?rest_route=%2Fwp%2Fv2%2Fcomments&post=51693"}],"version-history":[{"count":1,"href":"https:\/\/www.egemtv.com\/index.php?rest_route=\/wp\/v2\/posts\/51693\/revisions"}],"predecessor-version":[{"id":51695,"href":"https:\/\/www.egemtv.com\/index.php?rest_route=\/wp\/v2\/posts\/51693\/revisions\/51695"}],"wp:featuredmedia":[{"embeddable":true,"href":"https:\/\/www.egemtv.com\/index.php?rest_route=\/wp\/v2\/media\/51694"}],"wp:attachment":[{"href":"https:\/\/www.egemtv.com\/index.php?rest_route=%2Fwp%2Fv2%2Fmedia&parent=51693"}],"wp:term":[{"taxonomy":"category","embeddable":true,"href":"https:\/\/www.egemtv.com\/index.php?rest_route=%2Fwp%2Fv2%2Fcategories&post=51693"},{"taxonomy":"post_tag","embeddable":true,"href":"https:\/\/www.egemtv.com\/index.php?rest_route=%2Fwp%2Fv2%2Ftags&post=51693"}],"curies":[{"name":"wp","href":"https:\/\/api.w.org\/{rel}","templated":true}]}}