{"id":51690,"date":"2025-08-28T10:34:48","date_gmt":"2025-08-28T07:34:48","guid":{"rendered":"https:\/\/www.egemtv.com\/?p=51690"},"modified":"2025-08-28T10:34:49","modified_gmt":"2025-08-28T07:34:49","slug":"datcali-kibris-gazisi-hayatini-kaybetti","status":"publish","type":"post","link":"https:\/\/www.egemtv.com\/?p=51690","title":{"rendered":"Dat\u00e7al\u0131 K\u0131br\u0131s Gazisi hayat\u0131n\u0131 kaybetti"},"content":{"rendered":"<p>Mu\u011fla\u2019n\u0131n Dat\u00e7a il\u00e7esinde trafik kazas\u0131 sonras\u0131 hastaneye kald\u0131r\u0131lan ve yo\u011fun bak\u0131mda tedavi g\u00f6ren K\u0131br\u0131s Gazisi Hasan Uslu (72) hayat\u0131n\u0131 kaybetti.<br \/>\n<br \/>Dat\u00e7a S\u0131nd\u0131 Mahallesi\u2019nde ya\u015fayan K\u0131br\u0131s Gazisi Hasan Uslu, iki hafta \u00f6nce ge\u00e7irdi\u011fi trafik kazas\u0131 sonras\u0131nda kald\u0131r\u0131ld\u0131\u011f\u0131 Mu\u011fla S\u0131tk\u0131 Ko\u00e7man E\u011fitim ve Ara\u015ft\u0131rma Hastanesi\u2019nde yo\u011fun bak\u0131m \u00fcnitesinde tedavi g\u00f6r\u00fcyordu. Gazi uslu burada yap\u0131lan t\u00fcm m\u00fcdahalelere ra\u011fmen hayat\u0131n\u0131 kaybetti. Gaz Uslu\u2019nun bug\u00fcn Dat\u00e7a\u2019da topra\u011fa verilece\u011fi \u00f6\u011frenildi.<br \/><\/p>\n","protected":false},"excerpt":{"rendered":"<p>Mu\u011fla\u2019n\u0131n Dat\u00e7a il\u00e7esinde trafik kazas\u0131 sonras\u0131 hastaneye kald\u0131r\u0131lan ve yo\u011fun bak\u0131mda tedavi g\u00f6ren K\u0131br\u0131s Gazisi Hasan Uslu (72) hayat\u0131n\u0131 kaybetti. Dat\u00e7a S\u0131nd\u0131 Mahallesi\u2019nde ya\u015fayan K\u0131br\u0131s Gazisi Hasan Uslu, iki hafta \u00f6nce ge\u00e7irdi\u011fi trafik kazas\u0131 sonras\u0131nda kald\u0131r\u0131ld\u0131\u011f\u0131 Mu\u011fla S\u0131tk\u0131 Ko\u00e7man E\u011fitim ve Ara\u015ft\u0131rma Hastanesi\u2019nde yo\u011fun bak\u0131m \u00fcnitesinde tedavi g\u00f6r\u00fcyordu. Gazi uslu burada yap\u0131lan t\u00fcm m\u00fcdahalelere ra\u011fmen&#8230;<\/p>\n","protected":false},"author":1,"featured_media":51691,"comment_status":"open","ping_status":"open","sticky":false,"template":"","format":"standard","meta":{"_crdt_document":"","footnotes":""},"categories":[5],"tags":[],"class_list":["post-51690","post","type-post","status-publish","format-standard","has-post-thumbnail","hentry","category-asayis"],"_links":{"self":[{"href":"https:\/\/www.egemtv.com\/index.php?rest_route=\/wp\/v2\/posts\/51690","targetHints":{"allow":["GET"]}}],"collection":[{"href":"https:\/\/www.egemtv.com\/index.php?rest_route=\/wp\/v2\/posts"}],"about":[{"href":"https:\/\/www.egemtv.com\/index.php?rest_route=\/wp\/v2\/types\/post"}],"author":[{"embeddable":true,"href":"https:\/\/www.egemtv.com\/index.php?rest_route=\/wp\/v2\/users\/1"}],"replies":[{"embeddable":true,"href":"https:\/\/www.egemtv.com\/index.php?rest_route=%2Fwp%2Fv2%2Fcomments&post=51690"}],"version-history":[{"count":1,"href":"https:\/\/www.egemtv.com\/index.php?rest_route=\/wp\/v2\/posts\/51690\/revisions"}],"predecessor-version":[{"id":51692,"href":"https:\/\/www.egemtv.com\/index.php?rest_route=\/wp\/v2\/posts\/51690\/revisions\/51692"}],"wp:featuredmedia":[{"embeddable":true,"href":"https:\/\/www.egemtv.com\/index.php?rest_route=\/wp\/v2\/media\/51691"}],"wp:attachment":[{"href":"https:\/\/www.egemtv.com\/index.php?rest_route=%2Fwp%2Fv2%2Fmedia&parent=51690"}],"wp:term":[{"taxonomy":"category","embeddable":true,"href":"https:\/\/www.egemtv.com\/index.php?rest_route=%2Fwp%2Fv2%2Fcategories&post=51690"},{"taxonomy":"post_tag","embeddable":true,"href":"https:\/\/www.egemtv.com\/index.php?rest_route=%2Fwp%2Fv2%2Ftags&post=51690"}],"curies":[{"name":"wp","href":"https:\/\/api.w.org\/{rel}","templated":true}]}}