{"id":51687,"date":"2025-08-28T10:34:47","date_gmt":"2025-08-28T07:34:47","guid":{"rendered":"https:\/\/www.egemtv.com\/?p=51687"},"modified":"2025-08-28T10:34:48","modified_gmt":"2025-08-28T07:34:48","slug":"vali-musa-isin-engelli-vatandasi-makaminda-kabul-etti","status":"publish","type":"post","link":"https:\/\/www.egemtv.com\/?p=51687","title":{"rendered":"Vali Musa I\u015f\u0131n, engelli vatanda\u015f\u0131 makam\u0131nda kabul etti"},"content":{"rendered":"<p>K\u00fctahya Valisi Musa I\u015f\u0131n, engelli vatanda\u015f Sefa Yi\u011fit\u2019i makam\u0131nda kabul etti.<br \/>\n<br \/>G\u00f6r\u00fc\u015fmede Yi\u011fit ile yak\u0131ndan ilgilenen Vali I\u015f\u0131n, &#8220;Sizler bizim i\u00e7in \u00e7ok k\u0131ymetlisiniz, de\u011ferlisiniz. Biz her zaman sizlerin yan\u0131nday\u0131z&#8221; dedi.<br \/>\n<br \/>Sefa Yi\u011fit\u2019in taleplerini dinleyen Vali I\u015f\u0131n, \u00f6ncelikli olarak mevcut ak\u00fcl\u00fc arac\u0131n\u0131n ak\u00fclerinin yenilenece\u011fini, ayr\u0131ca imkanlar \u00f6l\u00e7\u00fcs\u00fcnde yeni bir ak\u00fcl\u00fc ara\u00e7 temin edilmesi halinde kendisine verilece\u011fini ifade etti.<br \/><\/p>\n","protected":false},"excerpt":{"rendered":"<p>K\u00fctahya Valisi Musa I\u015f\u0131n, engelli vatanda\u015f Sefa Yi\u011fit\u2019i makam\u0131nda kabul etti. G\u00f6r\u00fc\u015fmede Yi\u011fit ile yak\u0131ndan ilgilenen Vali I\u015f\u0131n, &#8220;Sizler bizim i\u00e7in \u00e7ok k\u0131ymetlisiniz, de\u011ferlisiniz. Biz her zaman sizlerin yan\u0131nday\u0131z&#8221; dedi. Sefa Yi\u011fit\u2019in taleplerini dinleyen Vali I\u015f\u0131n, \u00f6ncelikli olarak mevcut ak\u00fcl\u00fc arac\u0131n\u0131n ak\u00fclerinin yenilenece\u011fini, ayr\u0131ca imkanlar \u00f6l\u00e7\u00fcs\u00fcnde yeni bir ak\u00fcl\u00fc ara\u00e7 temin edilmesi halinde kendisine verilece\u011fini&#8230;<\/p>\n","protected":false},"author":1,"featured_media":51688,"comment_status":"open","ping_status":"open","sticky":false,"template":"","format":"standard","meta":{"_crdt_document":"","footnotes":""},"categories":[123],"tags":[],"class_list":["post-51687","post","type-post","status-publish","format-standard","has-post-thumbnail","hentry","category-gundem"],"_links":{"self":[{"href":"https:\/\/www.egemtv.com\/index.php?rest_route=\/wp\/v2\/posts\/51687","targetHints":{"allow":["GET"]}}],"collection":[{"href":"https:\/\/www.egemtv.com\/index.php?rest_route=\/wp\/v2\/posts"}],"about":[{"href":"https:\/\/www.egemtv.com\/index.php?rest_route=\/wp\/v2\/types\/post"}],"author":[{"embeddable":true,"href":"https:\/\/www.egemtv.com\/index.php?rest_route=\/wp\/v2\/users\/1"}],"replies":[{"embeddable":true,"href":"https:\/\/www.egemtv.com\/index.php?rest_route=%2Fwp%2Fv2%2Fcomments&post=51687"}],"version-history":[{"count":1,"href":"https:\/\/www.egemtv.com\/index.php?rest_route=\/wp\/v2\/posts\/51687\/revisions"}],"predecessor-version":[{"id":51689,"href":"https:\/\/www.egemtv.com\/index.php?rest_route=\/wp\/v2\/posts\/51687\/revisions\/51689"}],"wp:featuredmedia":[{"embeddable":true,"href":"https:\/\/www.egemtv.com\/index.php?rest_route=\/wp\/v2\/media\/51688"}],"wp:attachment":[{"href":"https:\/\/www.egemtv.com\/index.php?rest_route=%2Fwp%2Fv2%2Fmedia&parent=51687"}],"wp:term":[{"taxonomy":"category","embeddable":true,"href":"https:\/\/www.egemtv.com\/index.php?rest_route=%2Fwp%2Fv2%2Fcategories&post=51687"},{"taxonomy":"post_tag","embeddable":true,"href":"https:\/\/www.egemtv.com\/index.php?rest_route=%2Fwp%2Fv2%2Ftags&post=51687"}],"curies":[{"name":"wp","href":"https:\/\/api.w.org\/{rel}","templated":true}]}}