{"id":51681,"date":"2025-08-28T10:15:48","date_gmt":"2025-08-28T07:15:48","guid":{"rendered":"https:\/\/www.egemtv.com\/?p=51681"},"modified":"2025-08-28T10:15:49","modified_gmt":"2025-08-28T07:15:49","slug":"2025-yks-sonuclarina-gore-mskuye-yogun-ilgi","status":"publish","type":"post","link":"https:\/\/www.egemtv.com\/?p=51681","title":{"rendered":"2025 YKS sonu\u00e7lar\u0131na g\u00f6re MSK\u00dc\u2019ye yo\u011fun ilgi"},"content":{"rendered":"<p>2025-YKS yerle\u015ftirme sonu\u00e7lar\u0131na g\u00f6re MSK\u00dc, bu y\u0131l da en \u00e7ok tercih edilen \u00fcniversiteler aras\u0131nda yerini ald\u0131. Lisans ve \u00f6nlisans programlar\u0131ndan toplam 7 bin 371 \u00f6\u011frenci MSK\u00dc\u2019ye yerle\u015fti.<br \/>\n<br \/>\u00d6l\u00e7me, Se\u00e7me ve Yerle\u015ftirme Merkezi (\u00d6SYM), Y\u00fcksek\u00f6\u011fretim Kurumlar\u0131 S\u0131nav\u0131 2025 (YKS) yerle\u015ftirme sonu\u00e7lar\u0131 ge\u00e7ti\u011fimiz g\u00fcnlerde a\u00e7\u0131kland\u0131.<br \/>\n<br \/>Mu\u011fla S\u0131tk\u0131 Ko\u00e7man \u00dcniversitesi (MSK\u00dc), 2025-YKS yerle\u015ftirme sonu\u00e7lar\u0131na g\u00f6re y\u00fczde 98,98\u2019lik oranla tercih edilen \u00fcniversiteler aras\u0131nda oldu.<br \/>\n<br \/>Lisans ve \u00f6nlisans programlar\u0131ndan toplam 7 bin 371 \u00f6\u011frenci MSK\u00dc\u2019ye kay\u0131t yapma hakk\u0131n\u0131 elde etti.<br \/>\n<br \/>En \u00e7ok tercih edilen \u00fcniversiteler aras\u0131nda yerini alan MSK\u00dc, \u00e7a\u011f\u0131n gerekliliklerine g\u00f6re geli\u015fimi ilke edinen anlay\u0131\u015f\u0131, yenilik\u00e7i bak\u0131\u015f a\u00e7\u0131s\u0131 ve uluslararas\u0131 ili\u015fkilerini g\u00fc\u00e7l\u00fc tutan, \u00f6\u011frenci odakl\u0131 yap\u0131s\u0131yla gelecek sunan \u00fcniversiteler aras\u0131nda yerini ald\u0131.<br \/>\n<br \/>MSK\u00dc\u2019y\u00fc tercih eden \u00f6\u011frencilere &#8220;Ho\u015f Geldiniz&#8221; diyen Rekt\u00f6r Prof. Dr. Turhan Ka\u00e7ar, &#8220;\u00dcniversitemizi tercih ederek ailemize kat\u0131ld\u0131\u011f\u0131n\u0131z i\u00e7in hepinizi g\u00f6n\u00fclden kutluyorum. Bu ba\u015far\u0131 eme\u011finizin ve azminizin bir sonucudur. Art\u0131k ara\u015ft\u0131rmayla, \u00fcretkenlikle ve deneyimle dolu bir yolculu\u011fa ba\u015fl\u0131yorsunuz. Mu\u011fla S\u0131tk\u0131 Ko\u00e7man \u00dcniversitesi olarak sizlere g\u00fc\u00e7l\u00fc bir akademik e\u011fitimin yan\u0131nda, sosyal ve k\u00fclt\u00fcrel alanlarda da kendinizi geli\u015ftirme imk\u00e2n\u0131 sunaca\u011f\u0131z. Sizler de \u00f6\u011frencilik hayat\u0131n\u0131z s\u00fcresince yeni dostluklar kuracak, ilgi alanlar\u0131n\u0131z\u0131 ke\u015ffedecek ve hayallerinize ula\u015fma yolunda \u00f6nemli deneyimler edineceksiniz. Hep birlikte \u00fcniversitemiz daha da g\u00fc\u00e7lenecek ve \u00e7ok daha b\u00fcy\u00fck ba\u015far\u0131lara imza ataca\u011f\u0131z. Hepinize ba\u015far\u0131l\u0131 ve sa\u011fl\u0131kl\u0131 bir e\u011fitim-\u00f6\u011fretim hayat\u0131 diliyorum&#8221; ifadelerini kulland\u0131.<br \/>\n<br \/>Akademik takvime g\u00f6re, Mu\u011fla S\u0131tk\u0131 Ko\u00e7man \u00dcniversitesinde dersler 15 Eyl\u00fcl 2025 tarihinde ba\u015flayacak.<br \/><\/p>\n","protected":false},"excerpt":{"rendered":"<p>2025-YKS yerle\u015ftirme sonu\u00e7lar\u0131na g\u00f6re MSK\u00dc, bu y\u0131l da en \u00e7ok tercih edilen \u00fcniversiteler aras\u0131nda yerini ald\u0131. Lisans ve \u00f6nlisans programlar\u0131ndan toplam 7 bin 371 \u00f6\u011frenci MSK\u00dc\u2019ye yerle\u015fti. \u00d6l\u00e7me, Se\u00e7me ve Yerle\u015ftirme Merkezi (\u00d6SYM), Y\u00fcksek\u00f6\u011fretim Kurumlar\u0131 S\u0131nav\u0131 2025 (YKS) yerle\u015ftirme sonu\u00e7lar\u0131 ge\u00e7ti\u011fimiz g\u00fcnlerde a\u00e7\u0131kland\u0131. Mu\u011fla S\u0131tk\u0131 Ko\u00e7man \u00dcniversitesi (MSK\u00dc), 2025-YKS yerle\u015ftirme sonu\u00e7lar\u0131na g\u00f6re y\u00fczde 98,98\u2019lik oranla&#8230;<\/p>\n","protected":false},"author":1,"featured_media":51682,"comment_status":"open","ping_status":"open","sticky":false,"template":"","format":"standard","meta":{"_crdt_document":"","footnotes":""},"categories":[1],"tags":[],"class_list":["post-51681","post","type-post","status-publish","format-standard","has-post-thumbnail","hentry","category-guncel"],"_links":{"self":[{"href":"https:\/\/www.egemtv.com\/index.php?rest_route=\/wp\/v2\/posts\/51681","targetHints":{"allow":["GET"]}}],"collection":[{"href":"https:\/\/www.egemtv.com\/index.php?rest_route=\/wp\/v2\/posts"}],"about":[{"href":"https:\/\/www.egemtv.com\/index.php?rest_route=\/wp\/v2\/types\/post"}],"author":[{"embeddable":true,"href":"https:\/\/www.egemtv.com\/index.php?rest_route=\/wp\/v2\/users\/1"}],"replies":[{"embeddable":true,"href":"https:\/\/www.egemtv.com\/index.php?rest_route=%2Fwp%2Fv2%2Fcomments&post=51681"}],"version-history":[{"count":1,"href":"https:\/\/www.egemtv.com\/index.php?rest_route=\/wp\/v2\/posts\/51681\/revisions"}],"predecessor-version":[{"id":51683,"href":"https:\/\/www.egemtv.com\/index.php?rest_route=\/wp\/v2\/posts\/51681\/revisions\/51683"}],"wp:featuredmedia":[{"embeddable":true,"href":"https:\/\/www.egemtv.com\/index.php?rest_route=\/wp\/v2\/media\/51682"}],"wp:attachment":[{"href":"https:\/\/www.egemtv.com\/index.php?rest_route=%2Fwp%2Fv2%2Fmedia&parent=51681"}],"wp:term":[{"taxonomy":"category","embeddable":true,"href":"https:\/\/www.egemtv.com\/index.php?rest_route=%2Fwp%2Fv2%2Fcategories&post=51681"},{"taxonomy":"post_tag","embeddable":true,"href":"https:\/\/www.egemtv.com\/index.php?rest_route=%2Fwp%2Fv2%2Ftags&post=51681"}],"curies":[{"name":"wp","href":"https:\/\/api.w.org\/{rel}","templated":true}]}}