{"id":51678,"date":"2025-08-28T10:15:47","date_gmt":"2025-08-28T07:15:47","guid":{"rendered":"https:\/\/www.egemtv.com\/?p=51678"},"modified":"2025-08-28T10:15:48","modified_gmt":"2025-08-28T07:15:48","slug":"denizlide-silah-kacakciligi-operasyonu-3-tutuklama","status":"publish","type":"post","link":"https:\/\/www.egemtv.com\/?p=51678","title":{"rendered":"Denizli\u2019de silah ka\u00e7ak\u00e7\u0131l\u0131\u011f\u0131 operasyonu: 3 tutuklama"},"content":{"rendered":"<p>DEN\u0130ZL\u0130 (\u0130HA) \u2013 Denizli\u2019de polis ekiplerinin d\u00fczenledi\u011fi operasyonda silah ka\u00e7ak\u00e7\u0131l\u0131\u011f\u0131 yapt\u0131klar\u0131 iddias\u0131yla g\u00f6zalt\u0131na al\u0131nan 3 \u015f\u00fcpheli tutukland\u0131.<br \/>\n<br \/>Edinilen bilgiye g\u00f6re; Denizli \u0130l Emniyet M\u00fcd\u00fcrl\u00fc\u011f\u00fc Ka\u00e7ak\u00e7\u0131l\u0131k ve Organize Su\u00e7larla M\u00fccadele \u015eube M\u00fcd\u00fcrl\u00fc\u011f\u00fc ekiplerinde &#8220;Silah ve M\u00fchimmat Ticareti&#8221; su\u00e7unun \u00f6nlenmesine y\u00f6nelik d\u00fczenlenen operasyonda, silah ka\u00e7ak\u00e7\u0131l\u0131\u011f\u0131 yapt\u0131klar\u0131 belirlenen \u00fc\u00e7 \u015f\u00fcpheli yakaland\u0131. \u015e\u00fcphelilerin adreslerinde yap\u0131lan aramalarda 2 adet ruhsats\u0131z tabanca, 2 adet \u015farj\u00f6r ve 25 adet fi\u015fek ele ge\u00e7irildi. \u0130fade i\u015flemlerinin ard\u0131ndan adli makamlara sevk edilen \u015f\u00fcpheliler, tutuklanarak cezaevine g\u00f6nderildi.<br \/><\/p>\n","protected":false},"excerpt":{"rendered":"<p>DEN\u0130ZL\u0130 (\u0130HA) \u2013 Denizli\u2019de polis ekiplerinin d\u00fczenledi\u011fi operasyonda silah ka\u00e7ak\u00e7\u0131l\u0131\u011f\u0131 yapt\u0131klar\u0131 iddias\u0131yla g\u00f6zalt\u0131na al\u0131nan 3 \u015f\u00fcpheli tutukland\u0131. Edinilen bilgiye g\u00f6re; Denizli \u0130l Emniyet M\u00fcd\u00fcrl\u00fc\u011f\u00fc Ka\u00e7ak\u00e7\u0131l\u0131k ve Organize Su\u00e7larla M\u00fccadele \u015eube M\u00fcd\u00fcrl\u00fc\u011f\u00fc ekiplerinde &#8220;Silah ve M\u00fchimmat Ticareti&#8221; su\u00e7unun \u00f6nlenmesine y\u00f6nelik d\u00fczenlenen operasyonda, silah ka\u00e7ak\u00e7\u0131l\u0131\u011f\u0131 yapt\u0131klar\u0131 belirlenen \u00fc\u00e7 \u015f\u00fcpheli yakaland\u0131. \u015e\u00fcphelilerin adreslerinde yap\u0131lan aramalarda 2 adet ruhsats\u0131z&#8230;<\/p>\n","protected":false},"author":1,"featured_media":51679,"comment_status":"open","ping_status":"open","sticky":false,"template":"","format":"standard","meta":{"_crdt_document":"","footnotes":""},"categories":[5],"tags":[],"class_list":["post-51678","post","type-post","status-publish","format-standard","has-post-thumbnail","hentry","category-asayis"],"_links":{"self":[{"href":"https:\/\/www.egemtv.com\/index.php?rest_route=\/wp\/v2\/posts\/51678","targetHints":{"allow":["GET"]}}],"collection":[{"href":"https:\/\/www.egemtv.com\/index.php?rest_route=\/wp\/v2\/posts"}],"about":[{"href":"https:\/\/www.egemtv.com\/index.php?rest_route=\/wp\/v2\/types\/post"}],"author":[{"embeddable":true,"href":"https:\/\/www.egemtv.com\/index.php?rest_route=\/wp\/v2\/users\/1"}],"replies":[{"embeddable":true,"href":"https:\/\/www.egemtv.com\/index.php?rest_route=%2Fwp%2Fv2%2Fcomments&post=51678"}],"version-history":[{"count":1,"href":"https:\/\/www.egemtv.com\/index.php?rest_route=\/wp\/v2\/posts\/51678\/revisions"}],"predecessor-version":[{"id":51680,"href":"https:\/\/www.egemtv.com\/index.php?rest_route=\/wp\/v2\/posts\/51678\/revisions\/51680"}],"wp:featuredmedia":[{"embeddable":true,"href":"https:\/\/www.egemtv.com\/index.php?rest_route=\/wp\/v2\/media\/51679"}],"wp:attachment":[{"href":"https:\/\/www.egemtv.com\/index.php?rest_route=%2Fwp%2Fv2%2Fmedia&parent=51678"}],"wp:term":[{"taxonomy":"category","embeddable":true,"href":"https:\/\/www.egemtv.com\/index.php?rest_route=%2Fwp%2Fv2%2Fcategories&post=51678"},{"taxonomy":"post_tag","embeddable":true,"href":"https:\/\/www.egemtv.com\/index.php?rest_route=%2Fwp%2Fv2%2Ftags&post=51678"}],"curies":[{"name":"wp","href":"https:\/\/api.w.org\/{rel}","templated":true}]}}