{"id":51675,"date":"2025-08-28T10:15:46","date_gmt":"2025-08-28T07:15:46","guid":{"rendered":"https:\/\/www.egemtv.com\/?p=51675"},"modified":"2025-08-28T10:15:47","modified_gmt":"2025-08-28T07:15:47","slug":"muglada-ogrenciler-akyakaya-1-tlye-gidecek","status":"publish","type":"post","link":"https:\/\/www.egemtv.com\/?p=51675","title":{"rendered":"Mu\u011fla\u2019da \u00f6\u011frenciler Akyaka\u2019ya 1 TL\u2019ye gidecek"},"content":{"rendered":"<p>Mu\u011fla B\u00fcy\u00fck\u015fehir Belediyesi, \u00fcniversite \u00f6\u011frencileri i\u00e7in 1 TL\u2019lik ula\u015f\u0131m uygulamas\u0131n\u0131 1 Eyl\u00fcl\u2019den itibaren Mente\u015fe-Akyaka hatt\u0131nda hayata ge\u00e7iriyor. Mu\u011fla\u2019da ikamet eden \u00fcniversite \u00f6\u011frencileri, Mente\u015fe-Akyaka hatt\u0131nda &#8220;Mu\u011fla Kart Plus&#8221; ile 1 TL \u00f6deyerek seyahat edebilecek.<br \/>\n<br \/>\u00d6\u011frenci dostu projelere imza atan Mu\u011fla B\u00fcy\u00fck\u015fehir Belediyesi, ikametini Mu\u011fla\u2019ya ald\u0131ran \u00fcniversite \u00f6\u011frencilerine &#8220;Mu\u011fla Kart Plus&#8221; ile \u015fehir i\u00e7i ula\u015f\u0131mda 60 TL\u2019ye 60 bini\u015f, kamp\u00fcs ve Akyaka seferlerinde ise sadece 1 TL\u2019ye ula\u015f\u0131m imk\u00e2n\u0131 sunuyor. \u00dcniversite \u00f6\u011frencileri \u00f6zellikle yaz aylar\u0131nda ra\u011fbet g\u00f6ren Mente\u015fe-Akyaka hatt\u0131nda 1 Eyl\u00fcl 2025 tarihinden itibaren yaln\u0131zca 1 TL \u00fccretle seyahat edebilecek.<br \/>\n<br \/>Hande Nur Bayrak: &#8220;Mu\u011fla ula\u015f\u0131m konusunda \u00e7ok ba\u015far\u0131l\u0131 bir \u015fehir&#8221;<br \/>\n<br \/>Siyaset Bilimi ve Uluslararas\u0131 \u0130li\u015fkiler \u00f6\u011frencisi Hande Nur Bayrak, &#8220;Mu\u011fla\u2019da ula\u015f\u0131m kolayl\u0131\u011f\u0131 sayesinde bir sene i\u00e7erisinde b\u00fct\u00fcn il\u00e7eleri gezme imkan\u0131 yakalad\u0131m. Mu\u011fla ula\u015f\u0131m konusunda \u00e7ok ba\u015far\u0131l\u0131 bir \u015fehir. \u00d6\u011frenciler olarak hafta sonlar\u0131 yak\u0131n oldu\u011fu i\u00e7in Akyaka\u2019y\u0131 tercih ediyoruz. 1 TL olmas\u0131 bizim i\u00e7in \u00e7ok iyi bir hizmet&#8221; dedi.<br \/>\n<br \/>&#8220;Akyaka\u2019n\u0131n da 1 TL olmas\u0131 bizim i\u00e7in \u00e7ok b\u00fcy\u00fck bir avantaj&#8221;<br \/>\n<br \/>\u00dcniversite \u00f6\u011frencisi Ceylin Tak\u0131m, &#8220;K\u00f6tekli\u2019de yap\u0131lacak \u00e7ok fazla bir se\u00e7enek olmad\u0131\u011f\u0131 i\u00e7in hafta sonlar\u0131 Akyaka\u2019ya gidiyoruz. \u015eehir i\u00e7i ula\u015f\u0131m zaten 1 TL yap\u0131lm\u0131\u015ft\u0131. Akyaka\u2019n\u0131n da 1 TL olmas\u0131 bizim i\u00e7in \u00e7ok b\u00fcy\u00fck bir avantaj olacak&#8221; ifadelerini kulland\u0131.<br \/>\n<br \/>Sera Ediz: &#8220;Hem g\u00fcvenlik hem de ekonomik a\u00e7\u0131dan bizim i\u00e7in \u00e7ok iyi oldu&#8221;<br \/>\n<br \/>Turizm Rehberli\u011fi \u00f6\u011frencisi Sera Ediz, &#8220;Sosyal faaliyetler a\u00e7\u0131s\u0131ndan en yak\u0131n Akyaka\u2019ya gidebiliyoruz. Akyaka\u2019n\u0131n ula\u015f\u0131m \u00fccretinin 1 TL olmas\u0131 g\u00fcvenlik ve ekonomik a\u00e7\u0131dan bizim i\u00e7in \u00e7ok iyi oldu&#8221; \u015feklinde konu\u015ftu.<br \/>\n<br \/>&#8220;\u00d6\u011frenciler olarak mutlu olduk&#8221;<br \/>\n<br \/>\u00dcniversite \u00f6\u011frencisi Ali Uslu, &#8220;Uzun zamand\u0131r bekledi\u011fimiz bir hizmetti. Ba\u015fkan\u0131m\u0131z Ahmet Aras\u2019a bu hizmet i\u00e7in te\u015fekk\u00fcr ederim. B\u00f6yle bir imkan sa\u011fland\u0131\u011f\u0131 i\u00e7in \u00f6\u011frenciler olarak mutlu olduk. En yak\u0131n gidebilece\u011fimiz yer Akyaka ve tercih edilen bir yer&#8221; dedi.<br \/>\n<br \/>MUPA raporu gen\u00e7lerin taleplerini ortaya koydu<br \/>\n<br \/>Mu\u011fla Planlama Ajans\u0131\u2019n\u0131n (MUPA) haz\u0131rlad\u0131\u011f\u0131 \u2018Gen\u00e7lerin G\u00f6z\u00fcnden Kent ve Gelecek\u2019 raporunda gen\u00e7lerin kentteki \u00f6ncelikli ihtiya\u00e7lar\u0131n\u0131n ula\u015f\u0131m, sosyal ya\u015fam ve ekonomik destekler oldu\u011fu ortaya \u00e7\u0131kt\u0131. Bu do\u011frultuda harekete ge\u00e7en Mu\u011fla B\u00fcy\u00fck\u015fehir Belediyesi, \u00fcniversite \u00f6\u011frencilerinin b\u00fct\u00e7elerine katk\u0131 sa\u011flamak amac\u0131yla 1 TL\u2019lik ula\u015f\u0131m uygulamas\u0131n\u0131 hayata ge\u00e7irdi. Gen\u00e7lerin talepleri ve ihtiya\u00e7lar\u0131 dikkate al\u0131narak ba\u015flat\u0131lan bu uygulama, \u00f6\u011frencilerin g\u00fcnl\u00fck ya\u015fam\u0131n\u0131 kolayla\u015ft\u0131r\u0131rken ayn\u0131 zamanda sosyal ya\u015fama daha aktif kat\u0131l\u0131mlar\u0131n\u0131 destekliyor.<br \/>\n<br \/>Ba\u015fkan Aras: &#8220;\u00d6\u011frencilerimizin y\u00fcz\u00fcn\u00fcn g\u00fcld\u00fc\u011f\u00fcn\u00fc g\u00f6rmek bizim i\u00e7in b\u00fcy\u00fck bir mutluluk&#8221;<br \/>\n<br \/>K\u0131y\u0131 Ege Belediyeler Birli\u011fi ve Mu\u011fla B\u00fcy\u00fck\u015fehir Belediye Ba\u015fkan\u0131 Ahmet Aras, &#8220;G\u00f6reve geldi\u011fimiz ilk g\u00fcnden itibaren s\u00f6z verdi\u011fimiz gibi, Mu\u011fla\u2019m\u0131zda gen\u00e7lerimizin ya\u015fam\u0131n\u0131 kolayla\u015ft\u0131racak uygulamalar\u0131 hayata ge\u00e7iriyoruz.  \u00dcniversite \u00f6\u011frencilerimizin g\u00fcvenli ula\u015f\u0131m yapabilmeleri, b\u00fct\u00e7elerine katk\u0131da bulunmak ve sosyal hayata daha aktif kat\u0131l\u0131mlar\u0131n\u0131 desteklemek amac\u0131yla ba\u015flatt\u0131\u011f\u0131m\u0131z 1 TL\u2019lik ula\u015f\u0131m uygulamas\u0131n\u0131, Mente\u015fe-Akyaka hatt\u0131nda da hayata ge\u00e7irmeye karar vermi\u015ftik. Bu uygulamay\u0131 1 Eyl\u00fcl itibar\u0131yla ba\u015flat\u0131yoruz.  \u00d6\u011frencilerimizden gelen talepler do\u011frultusunda att\u0131\u011f\u0131m\u0131z bu ad\u0131m\u0131n, \u00f6\u011frencilerimizin y\u00fcz\u00fcn\u00fc g\u00fcld\u00fcrd\u00fc\u011f\u00fcn\u00fc g\u00f6rmek bizler i\u00e7in en b\u00fcy\u00fck mutluluk. Gen\u00e7lerimizin k\u00fclt\u00fcrel etkinliklere kat\u0131labildi\u011fi ve \u015fehrimizin g\u00fczelliklerinden faydalanabildi\u011fi bir Mu\u011fla\u2019y\u0131 birlikte in\u015fa ediyoruz&#8221; dedi.<br \/><\/p>\n","protected":false},"excerpt":{"rendered":"<p>Mu\u011fla B\u00fcy\u00fck\u015fehir Belediyesi, \u00fcniversite \u00f6\u011frencileri i\u00e7in 1 TL\u2019lik ula\u015f\u0131m uygulamas\u0131n\u0131 1 Eyl\u00fcl\u2019den itibaren Mente\u015fe-Akyaka hatt\u0131nda hayata ge\u00e7iriyor. Mu\u011fla\u2019da ikamet eden \u00fcniversite \u00f6\u011frencileri, Mente\u015fe-Akyaka hatt\u0131nda &#8220;Mu\u011fla Kart Plus&#8221; ile 1 TL \u00f6deyerek seyahat edebilecek. \u00d6\u011frenci dostu projelere imza atan Mu\u011fla B\u00fcy\u00fck\u015fehir Belediyesi, ikametini Mu\u011fla\u2019ya ald\u0131ran \u00fcniversite \u00f6\u011frencilerine &#8220;Mu\u011fla Kart Plus&#8221; ile \u015fehir i\u00e7i ula\u015f\u0131mda 60 TL\u2019ye&#8230;<\/p>\n","protected":false},"author":1,"featured_media":51676,"comment_status":"open","ping_status":"open","sticky":false,"template":"","format":"standard","meta":{"_crdt_document":"","footnotes":""},"categories":[1],"tags":[],"class_list":["post-51675","post","type-post","status-publish","format-standard","has-post-thumbnail","hentry","category-guncel"],"_links":{"self":[{"href":"https:\/\/www.egemtv.com\/index.php?rest_route=\/wp\/v2\/posts\/51675","targetHints":{"allow":["GET"]}}],"collection":[{"href":"https:\/\/www.egemtv.com\/index.php?rest_route=\/wp\/v2\/posts"}],"about":[{"href":"https:\/\/www.egemtv.com\/index.php?rest_route=\/wp\/v2\/types\/post"}],"author":[{"embeddable":true,"href":"https:\/\/www.egemtv.com\/index.php?rest_route=\/wp\/v2\/users\/1"}],"replies":[{"embeddable":true,"href":"https:\/\/www.egemtv.com\/index.php?rest_route=%2Fwp%2Fv2%2Fcomments&post=51675"}],"version-history":[{"count":1,"href":"https:\/\/www.egemtv.com\/index.php?rest_route=\/wp\/v2\/posts\/51675\/revisions"}],"predecessor-version":[{"id":51677,"href":"https:\/\/www.egemtv.com\/index.php?rest_route=\/wp\/v2\/posts\/51675\/revisions\/51677"}],"wp:featuredmedia":[{"embeddable":true,"href":"https:\/\/www.egemtv.com\/index.php?rest_route=\/wp\/v2\/media\/51676"}],"wp:attachment":[{"href":"https:\/\/www.egemtv.com\/index.php?rest_route=%2Fwp%2Fv2%2Fmedia&parent=51675"}],"wp:term":[{"taxonomy":"category","embeddable":true,"href":"https:\/\/www.egemtv.com\/index.php?rest_route=%2Fwp%2Fv2%2Fcategories&post=51675"},{"taxonomy":"post_tag","embeddable":true,"href":"https:\/\/www.egemtv.com\/index.php?rest_route=%2Fwp%2Fv2%2Ftags&post=51675"}],"curies":[{"name":"wp","href":"https:\/\/api.w.org\/{rel}","templated":true}]}}