{"id":51672,"date":"2025-08-28T09:54:54","date_gmt":"2025-08-28T06:54:54","guid":{"rendered":"https:\/\/www.egemtv.com\/?p=51672"},"modified":"2025-08-28T09:54:55","modified_gmt":"2025-08-28T06:54:55","slug":"aydinda-2026-cks-dosya-alimlari-oncesi-istisare-toplantisi-yapildi","status":"publish","type":"post","link":"https:\/\/www.egemtv.com\/?p=51672","title":{"rendered":"Ayd\u0131n\u2019da 2026 \u00c7KS dosya al\u0131mlar\u0131 \u00f6ncesi isti\u015fare toplant\u0131s\u0131 yap\u0131ld\u0131"},"content":{"rendered":"<p>Ayd\u0131n \u0130l Tar\u0131m ve Orman M\u00fcd\u00fcrl\u00fc\u011f\u00fc taraf\u0131ndan 2026 y\u0131l\u0131 \u00c7ift\u00e7i Kay\u0131t Sistemi (\u00c7KS) dosya al\u0131mlar\u0131 \u00f6ncesinde, kent genelindeki t\u00fcm Ziraat Odalar\u0131n\u0131n kat\u0131l\u0131m\u0131yla isti\u015fare toplant\u0131s\u0131 ger\u00e7ekle\u015ftirildi.<\/p>\n<p>Toplant\u0131da, 2025 y\u0131l\u0131nda ilk kez 3 ili kapsayan Ziraat Odalar\u0131na \u00c7KS veri giri\u015f i\u015flemlerinin devrine ili\u015fkin protokol kapsam\u0131nda ya\u015fanan aksakl\u0131klar ele al\u0131nd\u0131. Kat\u0131l\u0131mc\u0131lar, s\u00fcrecin daha sa\u011fl\u0131kl\u0131 y\u00fcr\u00fct\u00fclmesi i\u00e7in \u00e7\u00f6z\u00fcm \u00f6nerilerini dile getirirken, 1 Eyl\u00fcl itibariyle ba\u015flayacak yeni sezon dosya al\u0131mlar\u0131yla ilgili yap\u0131lmas\u0131 gereken i\u015flemler de g\u00f6r\u00fc\u015f\u00fcld\u00fc.<\/p>\n<p>Ayd\u0131n \u0130l Tar\u0131m ve Orman M\u00fcd\u00fcrl\u00fc\u011f\u00fc\u2019nden yap\u0131lan a\u00e7\u0131klamada, &#8220;2026 y\u0131l\u0131 \u00c7ift\u00e7i Kay\u0131t Sistemi (\u00c7KS) dosya al\u0131mlar\u0131 \u00f6ncesinde d\u00fczenlenen toplant\u0131da, ge\u00e7en y\u0131l uygulamaya konulan veri giri\u015f devri protokol\u00fc kapsam\u0131nda ya\u015fanan aksakl\u0131klar masaya yat\u0131r\u0131ld\u0131. \u00c7ift\u00e7ilerimizin ma\u011fduriyet ya\u015famamas\u0131 i\u00e7in t\u00fcm payda\u015flarla i\u015fbirli\u011fi i\u00e7erisinde yeni sezon haz\u0131rl\u0131klar\u0131 de\u011ferlendirildi&#8221; ifadelerine yer verildi.<br \/><\/p>\n","protected":false},"excerpt":{"rendered":"<p>Ayd\u0131n \u0130l Tar\u0131m ve Orman M\u00fcd\u00fcrl\u00fc\u011f\u00fc taraf\u0131ndan 2026 y\u0131l\u0131 \u00c7ift\u00e7i Kay\u0131t Sistemi (\u00c7KS) dosya al\u0131mlar\u0131 \u00f6ncesinde, kent genelindeki t\u00fcm Ziraat Odalar\u0131n\u0131n kat\u0131l\u0131m\u0131yla isti\u015fare toplant\u0131s\u0131 ger\u00e7ekle\u015ftirildi. Toplant\u0131da, 2025 y\u0131l\u0131nda ilk kez 3 ili kapsayan Ziraat Odalar\u0131na \u00c7KS veri giri\u015f i\u015flemlerinin devrine ili\u015fkin protokol kapsam\u0131nda ya\u015fanan aksakl\u0131klar ele al\u0131nd\u0131. Kat\u0131l\u0131mc\u0131lar, s\u00fcrecin daha sa\u011fl\u0131kl\u0131 y\u00fcr\u00fct\u00fclmesi i\u00e7in \u00e7\u00f6z\u00fcm \u00f6nerilerini&#8230;<\/p>\n","protected":false},"author":1,"featured_media":51673,"comment_status":"open","ping_status":"open","sticky":false,"template":"","format":"standard","meta":{"_crdt_document":"","footnotes":""},"categories":[1],"tags":[],"class_list":["post-51672","post","type-post","status-publish","format-standard","has-post-thumbnail","hentry","category-guncel"],"_links":{"self":[{"href":"https:\/\/www.egemtv.com\/index.php?rest_route=\/wp\/v2\/posts\/51672","targetHints":{"allow":["GET"]}}],"collection":[{"href":"https:\/\/www.egemtv.com\/index.php?rest_route=\/wp\/v2\/posts"}],"about":[{"href":"https:\/\/www.egemtv.com\/index.php?rest_route=\/wp\/v2\/types\/post"}],"author":[{"embeddable":true,"href":"https:\/\/www.egemtv.com\/index.php?rest_route=\/wp\/v2\/users\/1"}],"replies":[{"embeddable":true,"href":"https:\/\/www.egemtv.com\/index.php?rest_route=%2Fwp%2Fv2%2Fcomments&post=51672"}],"version-history":[{"count":1,"href":"https:\/\/www.egemtv.com\/index.php?rest_route=\/wp\/v2\/posts\/51672\/revisions"}],"predecessor-version":[{"id":51674,"href":"https:\/\/www.egemtv.com\/index.php?rest_route=\/wp\/v2\/posts\/51672\/revisions\/51674"}],"wp:featuredmedia":[{"embeddable":true,"href":"https:\/\/www.egemtv.com\/index.php?rest_route=\/wp\/v2\/media\/51673"}],"wp:attachment":[{"href":"https:\/\/www.egemtv.com\/index.php?rest_route=%2Fwp%2Fv2%2Fmedia&parent=51672"}],"wp:term":[{"taxonomy":"category","embeddable":true,"href":"https:\/\/www.egemtv.com\/index.php?rest_route=%2Fwp%2Fv2%2Fcategories&post=51672"},{"taxonomy":"post_tag","embeddable":true,"href":"https:\/\/www.egemtv.com\/index.php?rest_route=%2Fwp%2Fv2%2Ftags&post=51672"}],"curies":[{"name":"wp","href":"https:\/\/api.w.org\/{rel}","templated":true}]}}