{"id":51669,"date":"2025-08-28T09:54:54","date_gmt":"2025-08-28T06:54:54","guid":{"rendered":"https:\/\/www.egemtv.com\/?p=51669"},"modified":"2025-08-28T09:54:54","modified_gmt":"2025-08-28T06:54:54","slug":"denizlide-binlerce-kacak-esya-ele-gecirildi","status":"publish","type":"post","link":"https:\/\/www.egemtv.com\/?p=51669","title":{"rendered":"Denizli\u2019de binlerce ka\u00e7ak e\u015fya ele ge\u00e7irildi"},"content":{"rendered":"<p>DEN\u0130ZL\u0130 (\u0130HA) \u2013 Denizli\u2019de polisin d\u00fczenledi\u011fi operasyonda binlerce ka\u00e7ak e\u015fyay\u0131 piyasaya satmaya \u00e7al\u0131\u015f\u0131rken yakalanan \u015f\u00fcpheli hakk\u0131nda adli i\u015flem yap\u0131ld\u0131.<\/p>\n<p>Edinilen bilgiye g\u00f6re; Denizli \u0130l Emniyet M\u00fcd\u00fcrl\u00fc\u011f\u00fc Ka\u00e7ak\u00e7\u0131l\u0131k ve Organize Su\u00e7larla M\u00fccadele \u015eube M\u00fcd\u00fcrl\u00fc\u011f\u00fc ekipleri taraf\u0131ndan il genelinde &#8220;Emtia Ka\u00e7ak\u00e7\u0131l\u0131\u011f\u0131&#8221; su\u00e7unun \u00f6nlenmesine y\u00f6nelik yap\u0131lan \u00e7al\u0131\u015fmalarda, bir \u015f\u00fcphelinin kente y\u00fckl\u00fc miktarda ka\u00e7ak e\u015fya getirdi\u011fi tespit edildi. D\u00fczenlenen operasyonda ka\u00e7ak yollarla \u00fclkemize getirilen \u00fcr\u00fcnleri sat\u0131\u015fa sunan bir \u015f\u00fcpheli yakaland\u0131. \u015e\u00fcphelinin adresi ve arac\u0131nda yap\u0131lan aramalarda 1070 adet farkl\u0131 markalarda parf\u00fcm ve 379 adet farkl\u0131 markalarda kol saati ele ge\u00e7irildi.<\/p>\n<p>Yakalanan \u015f\u00fcpheli \u015fah\u0131s hakk\u0131nda &#8220;5607 say\u0131l\u0131 Ka\u00e7ak\u00e7\u0131l\u0131kla M\u00fccadele Kanununa Muhalefet&#8221; su\u00e7undan adli i\u015flem yap\u0131ld\u0131. Olayla ilgili soru\u015fturma ba\u015flat\u0131ld\u0131.<br \/><\/p>\n","protected":false},"excerpt":{"rendered":"<p>DEN\u0130ZL\u0130 (\u0130HA) \u2013 Denizli\u2019de polisin d\u00fczenledi\u011fi operasyonda binlerce ka\u00e7ak e\u015fyay\u0131 piyasaya satmaya \u00e7al\u0131\u015f\u0131rken yakalanan \u015f\u00fcpheli hakk\u0131nda adli i\u015flem yap\u0131ld\u0131. Edinilen bilgiye g\u00f6re; Denizli \u0130l Emniyet M\u00fcd\u00fcrl\u00fc\u011f\u00fc Ka\u00e7ak\u00e7\u0131l\u0131k ve Organize Su\u00e7larla M\u00fccadele \u015eube M\u00fcd\u00fcrl\u00fc\u011f\u00fc ekipleri taraf\u0131ndan il genelinde &#8220;Emtia Ka\u00e7ak\u00e7\u0131l\u0131\u011f\u0131&#8221; su\u00e7unun \u00f6nlenmesine y\u00f6nelik yap\u0131lan \u00e7al\u0131\u015fmalarda, bir \u015f\u00fcphelinin kente y\u00fckl\u00fc miktarda ka\u00e7ak e\u015fya getirdi\u011fi tespit edildi. D\u00fczenlenen&#8230;<\/p>\n","protected":false},"author":1,"featured_media":51670,"comment_status":"open","ping_status":"open","sticky":false,"template":"","format":"standard","meta":{"_crdt_document":"","footnotes":""},"categories":[5],"tags":[],"class_list":["post-51669","post","type-post","status-publish","format-standard","has-post-thumbnail","hentry","category-asayis"],"_links":{"self":[{"href":"https:\/\/www.egemtv.com\/index.php?rest_route=\/wp\/v2\/posts\/51669","targetHints":{"allow":["GET"]}}],"collection":[{"href":"https:\/\/www.egemtv.com\/index.php?rest_route=\/wp\/v2\/posts"}],"about":[{"href":"https:\/\/www.egemtv.com\/index.php?rest_route=\/wp\/v2\/types\/post"}],"author":[{"embeddable":true,"href":"https:\/\/www.egemtv.com\/index.php?rest_route=\/wp\/v2\/users\/1"}],"replies":[{"embeddable":true,"href":"https:\/\/www.egemtv.com\/index.php?rest_route=%2Fwp%2Fv2%2Fcomments&post=51669"}],"version-history":[{"count":1,"href":"https:\/\/www.egemtv.com\/index.php?rest_route=\/wp\/v2\/posts\/51669\/revisions"}],"predecessor-version":[{"id":51671,"href":"https:\/\/www.egemtv.com\/index.php?rest_route=\/wp\/v2\/posts\/51669\/revisions\/51671"}],"wp:featuredmedia":[{"embeddable":true,"href":"https:\/\/www.egemtv.com\/index.php?rest_route=\/wp\/v2\/media\/51670"}],"wp:attachment":[{"href":"https:\/\/www.egemtv.com\/index.php?rest_route=%2Fwp%2Fv2%2Fmedia&parent=51669"}],"wp:term":[{"taxonomy":"category","embeddable":true,"href":"https:\/\/www.egemtv.com\/index.php?rest_route=%2Fwp%2Fv2%2Fcategories&post=51669"},{"taxonomy":"post_tag","embeddable":true,"href":"https:\/\/www.egemtv.com\/index.php?rest_route=%2Fwp%2Fv2%2Ftags&post=51669"}],"curies":[{"name":"wp","href":"https:\/\/api.w.org\/{rel}","templated":true}]}}