{"id":51666,"date":"2025-08-28T09:35:47","date_gmt":"2025-08-28T06:35:47","guid":{"rendered":"https:\/\/www.egemtv.com\/?p=51666"},"modified":"2025-08-28T09:35:48","modified_gmt":"2025-08-28T06:35:48","slug":"bakan-kurumdan-sultanhisara-yatirim-mujdesi","status":"publish","type":"post","link":"https:\/\/www.egemtv.com\/?p=51666","title":{"rendered":"Bakan Kurum\u2019dan Sultanhisar\u2019a yat\u0131r\u0131m m\u00fcjdesi"},"content":{"rendered":"<p>Sultanhisar Belediye Ba\u015fkan\u0131 Osman Y\u0131ld\u0131r\u0131mkaya, Bakan Kurum ile yapt\u0131\u011f\u0131 g\u00f6r\u00fc\u015fmede il\u00e7eye kazand\u0131r\u0131lacak projeleri ve yat\u0131r\u0131mlar\u0131 isti\u015fare ettiklerini a\u00e7\u0131klad\u0131.<\/p>\n<p>\u00c7evre, \u015eehircilik ve \u0130klim De\u011fi\u015fikli\u011fi Bakan\u0131 Murat Kurum ile ger\u00e7ekle\u015ftirilen g\u00f6r\u00fc\u015fmenin ard\u0131ndan Sultanhisar\u2019a \u00f6nemli yat\u0131r\u0131mlar\u0131n kazand\u0131r\u0131laca\u011f\u0131 a\u00e7\u0131kland\u0131. Sultanhisar Belediye Ba\u015fkan\u0131 Osman Y\u0131ld\u0131r\u0131mkaya, Ankara ziyaretinde Bakan Murat Kurum ile bir araya geldiklerini belirterek il\u00e7enin yar\u0131nlar\u0131n\u0131 \u015fekillendirecek projeleri en ince ayr\u0131nt\u0131s\u0131na kadar isti\u015fare ettiklerini ifade etti. Ba\u015fkan Y\u0131ld\u0131r\u0131mkaya, yapt\u0131\u011f\u0131 a\u00e7\u0131klamada il\u00e7enin yat\u0131r\u0131mlar\u0131na dikkat \u00e7ekerek &#8220;TOK\u0130 projeleri, i\u015f makineleri, \u00e7\u00f6p konteynerleri, hibe ve destekler Sultanhisar\u2019a kazand\u0131r\u0131lacak&#8221; dedi.<\/p>\n<p>Ba\u015fkan Y\u0131ld\u0131r\u0131mkaya ziyaret ile ilgili yapt\u0131\u011f\u0131 a\u00e7\u0131klaman\u0131n devam\u0131nda &#8220;Ba\u015fkentten Sultanhisar\u2019\u0131m\u0131za hizmet dolu g\u00fczel haberlerle d\u00f6n\u00fcyoruz. \u00c7evre, \u015eehircilik ve \u0130klim De\u011fi\u015fikli\u011fi Bakan\u0131m\u0131z Murat Kurum\u2019u ziyaret ettik. Bakan\u0131m\u0131z ve k\u0131ymetli b\u00fcrokratlar\u0131m\u0131zla, Sultanhisar\u2019\u0131m\u0131z\u0131n yar\u0131nlar\u0131n\u0131 \u015fekillendirecek projeleri, il\u00e7emize kazand\u0131r\u0131lacak yat\u0131r\u0131mlar\u0131 ve hizmetleri en ince ayr\u0131nt\u0131s\u0131na kadar isti\u015fare ettik. TOK\u0130 projeleri, i\u015f makineleri, \u00e7\u00f6p konteynerleri, hibe ve destekler art\u0131k Sultanhisar\u2019\u0131m\u0131za geliyor. Nazik ilgisi ve misafirperverli\u011fi i\u00e7in Bakan\u0131m\u0131za te\u015fekk\u00fcr ediyor, bu g\u00f6r\u00fc\u015fmenin ve al\u0131nan kararlar\u0131n Sultanhisar\u2019\u0131m\u0131za hay\u0131rl\u0131 olmas\u0131n\u0131 temenni ediyoruz. Her \u015fey Sultanhisar i\u00e7in, t\u00fcm gayemiz Sultanhisar ve t\u00fcm mahallelerimize hizmet&#8221; ifadelerine yer verdi.<\/p>\n<p>Ziyarette, Ayd\u0131n Valisi Yakup Canbolat, B\u00fcy\u00fck\u015fehir Belediye Ba\u015fkan\u0131 \u00d6zlem \u00c7er\u00e7io\u011flu, milletvekilleri Mustafa Sava\u015f, Seda Sar\u0131ba\u015f, \u00d6mer \u00d6zmen, AK Parti \u0130l Ba\u015fkan\u0131 Mehmet Erdem, MHP \u0130l Ba\u015fkan\u0131 Haluk Al\u0131c\u0131k, Buharkent Belediye Ba\u015fkan\u0131 Mehmet Erol, \u0130ncirliova Belediye Ba\u015fkan\u0131 Aytekin Kaya, S\u00f6ke Belediye Ba\u015fkan\u0131 Dr. Mustafa \u0130berya Ar\u0131kan, Yenipazar Belediye Ba\u015fkan\u0131 Malik Ercan ve B\u00fcy\u00fck\u015fehir Belediyesi Genel Sekreteri Ertu\u011frul Yamen de haz\u0131r bulundu.<br \/><\/p>\n","protected":false},"excerpt":{"rendered":"<p>Sultanhisar Belediye Ba\u015fkan\u0131 Osman Y\u0131ld\u0131r\u0131mkaya, Bakan Kurum ile yapt\u0131\u011f\u0131 g\u00f6r\u00fc\u015fmede il\u00e7eye kazand\u0131r\u0131lacak projeleri ve yat\u0131r\u0131mlar\u0131 isti\u015fare ettiklerini a\u00e7\u0131klad\u0131. \u00c7evre, \u015eehircilik ve \u0130klim De\u011fi\u015fikli\u011fi Bakan\u0131 Murat Kurum ile ger\u00e7ekle\u015ftirilen g\u00f6r\u00fc\u015fmenin ard\u0131ndan Sultanhisar\u2019a \u00f6nemli yat\u0131r\u0131mlar\u0131n kazand\u0131r\u0131laca\u011f\u0131 a\u00e7\u0131kland\u0131. Sultanhisar Belediye Ba\u015fkan\u0131 Osman Y\u0131ld\u0131r\u0131mkaya, Ankara ziyaretinde Bakan Murat Kurum ile bir araya geldiklerini belirterek il\u00e7enin yar\u0131nlar\u0131n\u0131 \u015fekillendirecek projeleri en&#8230;<\/p>\n","protected":false},"author":1,"featured_media":51667,"comment_status":"open","ping_status":"open","sticky":false,"template":"","format":"standard","meta":{"_crdt_document":"","footnotes":""},"categories":[1],"tags":[],"class_list":["post-51666","post","type-post","status-publish","format-standard","has-post-thumbnail","hentry","category-guncel"],"_links":{"self":[{"href":"https:\/\/www.egemtv.com\/index.php?rest_route=\/wp\/v2\/posts\/51666","targetHints":{"allow":["GET"]}}],"collection":[{"href":"https:\/\/www.egemtv.com\/index.php?rest_route=\/wp\/v2\/posts"}],"about":[{"href":"https:\/\/www.egemtv.com\/index.php?rest_route=\/wp\/v2\/types\/post"}],"author":[{"embeddable":true,"href":"https:\/\/www.egemtv.com\/index.php?rest_route=\/wp\/v2\/users\/1"}],"replies":[{"embeddable":true,"href":"https:\/\/www.egemtv.com\/index.php?rest_route=%2Fwp%2Fv2%2Fcomments&post=51666"}],"version-history":[{"count":1,"href":"https:\/\/www.egemtv.com\/index.php?rest_route=\/wp\/v2\/posts\/51666\/revisions"}],"predecessor-version":[{"id":51668,"href":"https:\/\/www.egemtv.com\/index.php?rest_route=\/wp\/v2\/posts\/51666\/revisions\/51668"}],"wp:featuredmedia":[{"embeddable":true,"href":"https:\/\/www.egemtv.com\/index.php?rest_route=\/wp\/v2\/media\/51667"}],"wp:attachment":[{"href":"https:\/\/www.egemtv.com\/index.php?rest_route=%2Fwp%2Fv2%2Fmedia&parent=51666"}],"wp:term":[{"taxonomy":"category","embeddable":true,"href":"https:\/\/www.egemtv.com\/index.php?rest_route=%2Fwp%2Fv2%2Fcategories&post=51666"},{"taxonomy":"post_tag","embeddable":true,"href":"https:\/\/www.egemtv.com\/index.php?rest_route=%2Fwp%2Fv2%2Ftags&post=51666"}],"curies":[{"name":"wp","href":"https:\/\/api.w.org\/{rel}","templated":true}]}}