{"id":51660,"date":"2025-08-28T09:35:45","date_gmt":"2025-08-28T06:35:45","guid":{"rendered":"https:\/\/www.egemtv.com\/?p=51660"},"modified":"2025-08-28T09:35:46","modified_gmt":"2025-08-28T06:35:46","slug":"sokede-ambulans-ile-cip-carpisti","status":"publish","type":"post","link":"https:\/\/www.egemtv.com\/?p=51660","title":{"rendered":"S\u00f6ke\u2019de ambulans ile cip \u00e7arp\u0131\u015ft\u0131"},"content":{"rendered":"<p>Ayd\u0131n\u2019\u0131n S\u00f6ke il\u00e7esinde sabah\u0131n erken saatlerinde meydana gelen trafik kazas\u0131nda ambulans ile bir cip \u00e7arp\u0131\u015f\u0131rken kazada yaralanan olmad\u0131.<\/p>\n<p>Kaza, Sazl\u0131 Mahallesi giri\u015finde ya\u015fand\u0131. \u00c7arp\u0131\u015fman\u0131n etkisiyle kontrolden \u00e7\u0131kan ambulans, yol kenar\u0131nda bulunan bir evin duvar\u0131na \u00e7arpt\u0131. G\u00fcr\u00fclt\u00fcy\u00fc duyan \u00e7evre sakinleri panikle olay yerine ko\u015farken, b\u00f6lgeye sa\u011fl\u0131k ve trafik ekipleri sevk edildi.<br \/>\n<br \/>Her g\u00fcn ba\u015fka kazalara yeti\u015fmek i\u00e7in zamanla yar\u0131\u015fan sa\u011fl\u0131k ekipleri, bu kez meslekta\u015flar\u0131 ve cip s\u00fcr\u00fcc\u00fcs\u00fc i\u00e7in seferber oldu. Trafik ekipleri de rapor tutarak ara\u00e7lar\u0131 k\u0131sa s\u00fcrede yoldan kald\u0131rd\u0131 ve sabah saatlerinde olu\u015fabilecek trafik yo\u011funlu\u011funu \u00f6nledi.<br \/>\n<br \/>Ya\u015fanan kazada herhangi bir yaralanma olmamas\u0131 teselli oldu.<br \/><\/p>\n","protected":false},"excerpt":{"rendered":"<p>Ayd\u0131n\u2019\u0131n S\u00f6ke il\u00e7esinde sabah\u0131n erken saatlerinde meydana gelen trafik kazas\u0131nda ambulans ile bir cip \u00e7arp\u0131\u015f\u0131rken kazada yaralanan olmad\u0131. Kaza, Sazl\u0131 Mahallesi giri\u015finde ya\u015fand\u0131. \u00c7arp\u0131\u015fman\u0131n etkisiyle kontrolden \u00e7\u0131kan ambulans, yol kenar\u0131nda bulunan bir evin duvar\u0131na \u00e7arpt\u0131. G\u00fcr\u00fclt\u00fcy\u00fc duyan \u00e7evre sakinleri panikle olay yerine ko\u015farken, b\u00f6lgeye sa\u011fl\u0131k ve trafik ekipleri sevk edildi. Her g\u00fcn ba\u015fka kazalara yeti\u015fmek&#8230;<\/p>\n","protected":false},"author":1,"featured_media":51661,"comment_status":"open","ping_status":"open","sticky":false,"template":"","format":"standard","meta":{"_crdt_document":"","footnotes":""},"categories":[5],"tags":[],"class_list":["post-51660","post","type-post","status-publish","format-standard","has-post-thumbnail","hentry","category-asayis"],"_links":{"self":[{"href":"https:\/\/www.egemtv.com\/index.php?rest_route=\/wp\/v2\/posts\/51660","targetHints":{"allow":["GET"]}}],"collection":[{"href":"https:\/\/www.egemtv.com\/index.php?rest_route=\/wp\/v2\/posts"}],"about":[{"href":"https:\/\/www.egemtv.com\/index.php?rest_route=\/wp\/v2\/types\/post"}],"author":[{"embeddable":true,"href":"https:\/\/www.egemtv.com\/index.php?rest_route=\/wp\/v2\/users\/1"}],"replies":[{"embeddable":true,"href":"https:\/\/www.egemtv.com\/index.php?rest_route=%2Fwp%2Fv2%2Fcomments&post=51660"}],"version-history":[{"count":1,"href":"https:\/\/www.egemtv.com\/index.php?rest_route=\/wp\/v2\/posts\/51660\/revisions"}],"predecessor-version":[{"id":51662,"href":"https:\/\/www.egemtv.com\/index.php?rest_route=\/wp\/v2\/posts\/51660\/revisions\/51662"}],"wp:featuredmedia":[{"embeddable":true,"href":"https:\/\/www.egemtv.com\/index.php?rest_route=\/wp\/v2\/media\/51661"}],"wp:attachment":[{"href":"https:\/\/www.egemtv.com\/index.php?rest_route=%2Fwp%2Fv2%2Fmedia&parent=51660"}],"wp:term":[{"taxonomy":"category","embeddable":true,"href":"https:\/\/www.egemtv.com\/index.php?rest_route=%2Fwp%2Fv2%2Fcategories&post=51660"},{"taxonomy":"post_tag","embeddable":true,"href":"https:\/\/www.egemtv.com\/index.php?rest_route=%2Fwp%2Fv2%2Ftags&post=51660"}],"curies":[{"name":"wp","href":"https:\/\/api.w.org\/{rel}","templated":true}]}}